{"id":537,"date":"2024-07-01T17:43:00","date_gmt":"2024-07-01T15:43:00","guid":{"rendered":"https:\/\/www.ok-kirchenrecht.de\/?p=537"},"modified":"2024-10-14T18:09:50","modified_gmt":"2024-10-14T16:09:50","slug":"mitgliedschaft-im-foerderkreis-des-duesseldorfer-instituts-fuer-dienstrecht","status":"publish","type":"post","link":"https:\/\/www.ok-kirchenrecht.de\/mitgliedschaft-im-foerderkreis-des-duesseldorfer-instituts-fuer-dienstrecht\/","title":{"rendered":"Mitgliedschaft im F\u00f6rderkreis des D\u00fcsseldorfer Instituts f\u00fcr Dienstrecht"},"content":{"rendered":"\n<p>Seit Juli 2024 ist die Hotstegs Rechtsgesellschaft Mitglied im F\u00f6rderkreis des <a href=\"https:\/\/www.difdi.eu\" target=\"_blank\" rel=\"noreferrer noopener\">D\u00fcsseldorfer Instituts f\u00fcr Dienstrecht (difdi)<\/a>.<\/p>\n\n\n\n<p>Das D\u00fcsseldorfer Institut f\u00fcr Dienstrecht ist ein in ganz Deutschland aktiver Tr\u00e4ger, der sich vor allem der Weiterbildung im Bereich des Staats- und Verwaltungsrechts und des Rechts des \u00f6ffentlichen Dienstes (L\u00e4nder, Bund, Europ\u00e4ische Union, Kirchen) verschrieben hat.<\/p>\n\n\n<div class=\"wp-block-image\">\n<figure class=\"aligncenter size-full\"><a href=\"https:\/\/www.difdi.eu\" target=\"_blank\" rel=\"noreferrer noopener\"><img loading=\"lazy\" decoding=\"async\" width=\"400\" height=\"260\" src=\"https:\/\/www.ok-kirchenrecht.de\/wp-content\/uploads\/difdikreis_logo2022_400.jpg\" alt=\"\" class=\"wp-image-535\" srcset=\"https:\/\/www.ok-kirchenrecht.de\/wp-content\/uploads\/difdikreis_logo2022_400.jpg 400w, https:\/\/www.ok-kirchenrecht.de\/wp-content\/uploads\/difdikreis_logo2022_400-300x195.jpg 300w\" sizes=\"auto, (max-width: 400px) 100vw, 400px\" \/><\/a><\/figure>\n<\/div>\n\n\n<!--more-->\n\n\n\n<p>Rechtsanwalt Robert Hotstegs nimmt regelm\u00e4\u00dfig an den <a href=\"https:\/\/www.difdi.eu\/?page_id=875\" target=\"_blank\" rel=\"noreferrer noopener\">Fortbildungen im Arbeitskreis Dienstrecht<\/a> teil und wirkt aktiv an der Gestaltung des Arbeitskreises mit. Er ist seit 2022 Gesch\u00e4ftsf\u00fchrer des difdi.<\/p>\n","protected":false},"excerpt":{"rendered":"<p>Seit Juli 2024 ist die Hotstegs Rechtsgesellschaft Mitglied im F\u00f6rderkreis des D\u00fcsseldorfer Instituts f\u00fcr Dienstrecht (difdi). Das D\u00fcsseldorfer Institut f\u00fcr Dienstrecht ist ein in ganz Deutschland aktiver Tr\u00e4ger, der sich vor allem der Weiterbildung im Bereich des Staats- und Verwaltungsrechts und des Rechts des \u00f6ffentlichen Dienstes (L\u00e4nder, Bund, Europ\u00e4ische Union, Kirchen) verschrieben hat.<\/p>\n","protected":false},"author":1,"featured_media":0,"comment_status":"closed","ping_status":"open","sticky":false,"template":"","format":"standard","meta":{"footnotes":""},"categories":[1],"tags":[],"class_list":["post-537","post","type-post","status-publish","format-standard","hentry","category-allgemein","no-featured-content"],"yoast_head":"<!-- This site is optimized with the Yoast SEO plugin v26.6 - https:\/\/yoast.com\/wordpress\/plugins\/seo\/ -->\n<title>Mitgliedschaft im F\u00f6rderkreis des D\u00fcsseldorfer Instituts f\u00fcr Dienstrecht &#187; Online-Kommentar Kirchenrecht<\/title>\n<meta name=\"robots\" content=\"index, follow, max-snippet:-1, max-image-preview:large, max-video-preview:-1\" \/>\n<link rel=\"canonical\" href=\"https:\/\/www.ok-kirchenrecht.de\/mitgliedschaft-im-foerderkreis-des-duesseldorfer-instituts-fuer-dienstrecht\/\" \/>\n<meta property=\"og:locale\" content=\"de_DE\" \/>\n<meta property=\"og:type\" content=\"article\" \/>\n<meta property=\"og:title\" content=\"Mitgliedschaft im F\u00f6rderkreis des D\u00fcsseldorfer Instituts f\u00fcr Dienstrecht &#187; Online-Kommentar Kirchenrecht\" \/>\n<meta property=\"og:description\" content=\"Seit Juli 2024 ist die Hotstegs Rechtsgesellschaft Mitglied im F\u00f6rderkreis des D\u00fcsseldorfer Instituts f\u00fcr Dienstrecht (difdi). Das D\u00fcsseldorfer Institut f\u00fcr Dienstrecht ist ein in ganz Deutschland aktiver Tr\u00e4ger, der sich vor allem der Weiterbildung im Bereich des Staats- und Verwaltungsrechts und des Rechts des \u00f6ffentlichen Dienstes (L\u00e4nder, Bund, Europ\u00e4ische Union, Kirchen) verschrieben hat.\" \/>\n<meta property=\"og:url\" content=\"https:\/\/www.ok-kirchenrecht.de\/mitgliedschaft-im-foerderkreis-des-duesseldorfer-instituts-fuer-dienstrecht\/\" \/>\n<meta property=\"og:site_name\" content=\"Online-Kommentar Kirchenrecht\" \/>\n<meta property=\"article:publisher\" content=\"https:\/\/www.facebook.com\/hotstegs.recht\" \/>\n<meta property=\"article:published_time\" content=\"2024-07-01T15:43:00+00:00\" \/>\n<meta property=\"article:modified_time\" content=\"2024-10-14T16:09:50+00:00\" \/>\n<meta property=\"og:image\" content=\"https:\/\/www.ok-kirchenrecht.de\/wp-content\/uploads\/difdikreis_logo2022_400.jpg\" \/>\n<meta name=\"author\" content=\"Rechtsanwalt Robert Hotstegs\" \/>\n<meta name=\"twitter:card\" content=\"summary_large_image\" \/>\n<meta name=\"twitter:creator\" content=\"@hotstegs_recht\" \/>\n<meta name=\"twitter:site\" content=\"@hotstegs_recht\" \/>\n<meta name=\"twitter:label1\" content=\"Verfasst von\" \/>\n\t<meta name=\"twitter:data1\" content=\"Rechtsanwalt Robert Hotstegs\" \/>\n\t<meta name=\"twitter:label2\" content=\"Gesch\u00e4tzte Lesezeit\" \/>\n\t<meta name=\"twitter:data2\" content=\"1\u00a0Minute\" \/>\n<script type=\"application\/ld+json\" class=\"yoast-schema-graph\">{\"@context\":\"https:\/\/schema.org\",\"@graph\":[{\"@type\":\"Article\",\"@id\":\"https:\/\/www.ok-kirchenrecht.de\/mitgliedschaft-im-foerderkreis-des-duesseldorfer-instituts-fuer-dienstrecht\/#article\",\"isPartOf\":{\"@id\":\"https:\/\/www.ok-kirchenrecht.de\/mitgliedschaft-im-foerderkreis-des-duesseldorfer-instituts-fuer-dienstrecht\/\"},\"author\":{\"name\":\"Rechtsanwalt Robert Hotstegs\",\"@id\":\"https:\/\/www.ok-kirchenrecht.de\/#\/schema\/person\/862d15b1c5afa755c0992e7c63635296\"},\"headline\":\"Mitgliedschaft im F\u00f6rderkreis des D\u00fcsseldorfer Instituts f\u00fcr Dienstrecht\",\"datePublished\":\"2024-07-01T15:43:00+00:00\",\"dateModified\":\"2024-10-14T16:09:50+00:00\",\"mainEntityOfPage\":{\"@id\":\"https:\/\/www.ok-kirchenrecht.de\/mitgliedschaft-im-foerderkreis-des-duesseldorfer-instituts-fuer-dienstrecht\/\"},\"wordCount\":101,\"publisher\":{\"@id\":\"https:\/\/www.ok-kirchenrecht.de\/#organization\"},\"image\":{\"@id\":\"https:\/\/www.ok-kirchenrecht.de\/mitgliedschaft-im-foerderkreis-des-duesseldorfer-instituts-fuer-dienstrecht\/#primaryimage\"},\"thumbnailUrl\":\"https:\/\/www.ok-kirchenrecht.de\/wp-content\/uploads\/difdikreis_logo2022_400.jpg\",\"inLanguage\":\"de\"},{\"@type\":\"WebPage\",\"@id\":\"https:\/\/www.ok-kirchenrecht.de\/mitgliedschaft-im-foerderkreis-des-duesseldorfer-instituts-fuer-dienstrecht\/\",\"url\":\"https:\/\/www.ok-kirchenrecht.de\/mitgliedschaft-im-foerderkreis-des-duesseldorfer-instituts-fuer-dienstrecht\/\",\"name\":\"Mitgliedschaft im F\u00f6rderkreis des D\u00fcsseldorfer Instituts f\u00fcr Dienstrecht &#187; Online-Kommentar Kirchenrecht\",\"isPartOf\":{\"@id\":\"https:\/\/www.ok-kirchenrecht.de\/#website\"},\"primaryImageOfPage\":{\"@id\":\"https:\/\/www.ok-kirchenrecht.de\/mitgliedschaft-im-foerderkreis-des-duesseldorfer-instituts-fuer-dienstrecht\/#primaryimage\"},\"image\":{\"@id\":\"https:\/\/www.ok-kirchenrecht.de\/mitgliedschaft-im-foerderkreis-des-duesseldorfer-instituts-fuer-dienstrecht\/#primaryimage\"},\"thumbnailUrl\":\"https:\/\/www.ok-kirchenrecht.de\/wp-content\/uploads\/difdikreis_logo2022_400.jpg\",\"datePublished\":\"2024-07-01T15:43:00+00:00\",\"dateModified\":\"2024-10-14T16:09:50+00:00\",\"breadcrumb\":{\"@id\":\"https:\/\/www.ok-kirchenrecht.de\/mitgliedschaft-im-foerderkreis-des-duesseldorfer-instituts-fuer-dienstrecht\/#breadcrumb\"},\"inLanguage\":\"de\",\"potentialAction\":[{\"@type\":\"ReadAction\",\"target\":[\"https:\/\/www.ok-kirchenrecht.de\/mitgliedschaft-im-foerderkreis-des-duesseldorfer-instituts-fuer-dienstrecht\/\"]}]},{\"@type\":\"ImageObject\",\"inLanguage\":\"de\",\"@id\":\"https:\/\/www.ok-kirchenrecht.de\/mitgliedschaft-im-foerderkreis-des-duesseldorfer-instituts-fuer-dienstrecht\/#primaryimage\",\"url\":\"https:\/\/www.ok-kirchenrecht.de\/wp-content\/uploads\/difdikreis_logo2022_400.jpg\",\"contentUrl\":\"https:\/\/www.ok-kirchenrecht.de\/wp-content\/uploads\/difdikreis_logo2022_400.jpg\"},{\"@type\":\"BreadcrumbList\",\"@id\":\"https:\/\/www.ok-kirchenrecht.de\/mitgliedschaft-im-foerderkreis-des-duesseldorfer-instituts-fuer-dienstrecht\/#breadcrumb\",\"itemListElement\":[{\"@type\":\"ListItem\",\"position\":1,\"name\":\"Startseite\",\"item\":\"https:\/\/www.ok-kirchenrecht.de\/\"},{\"@type\":\"ListItem\",\"position\":2,\"name\":\"Mitgliedschaft im F\u00f6rderkreis des D\u00fcsseldorfer Instituts f\u00fcr Dienstrecht\"}]},{\"@type\":\"WebSite\",\"@id\":\"https:\/\/www.ok-kirchenrecht.de\/#website\",\"url\":\"https:\/\/www.ok-kirchenrecht.de\/\",\"name\":\"Online-Kommentar Kirchenrecht\",\"description\":\"\",\"publisher\":{\"@id\":\"https:\/\/www.ok-kirchenrecht.de\/#organization\"},\"potentialAction\":[{\"@type\":\"SearchAction\",\"target\":{\"@type\":\"EntryPoint\",\"urlTemplate\":\"https:\/\/www.ok-kirchenrecht.de\/?s={search_term_string}\"},\"query-input\":{\"@type\":\"PropertyValueSpecification\",\"valueRequired\":true,\"valueName\":\"search_term_string\"}}],\"inLanguage\":\"de\"},{\"@type\":\"Organization\",\"@id\":\"https:\/\/www.ok-kirchenrecht.de\/#organization\",\"name\":\"Hotstegs Rechtsanwaltsgesellschaft\",\"url\":\"https:\/\/www.ok-kirchenrecht.de\/\",\"logo\":{\"@type\":\"ImageObject\",\"inLanguage\":\"de\",\"@id\":\"https:\/\/www.ok-kirchenrecht.de\/#\/schema\/logo\/image\/\",\"url\":\"http:\/\/www.ok-kirchenrecht.de\/wp-content\/uploads\/logo2013.jpg\",\"contentUrl\":\"http:\/\/www.ok-kirchenrecht.de\/wp-content\/uploads\/logo2013.jpg\",\"width\":914,\"height\":275,\"caption\":\"Hotstegs Rechtsanwaltsgesellschaft\"},\"image\":{\"@id\":\"https:\/\/www.ok-kirchenrecht.de\/#\/schema\/logo\/image\/\"},\"sameAs\":[\"https:\/\/www.facebook.com\/hotstegs.recht\",\"https:\/\/x.com\/hotstegs_recht\",\"https:\/\/www.instagram.com\/hotstegs.recht\",\"https:\/\/de.linkedin.com\/company\/hotstegs-recht\"]},{\"@type\":\"Person\",\"@id\":\"https:\/\/www.ok-kirchenrecht.de\/#\/schema\/person\/862d15b1c5afa755c0992e7c63635296\",\"name\":\"Rechtsanwalt Robert Hotstegs\",\"image\":{\"@type\":\"ImageObject\",\"inLanguage\":\"de\",\"@id\":\"https:\/\/www.ok-kirchenrecht.de\/#\/schema\/person\/image\/\",\"url\":\"https:\/\/secure.gravatar.com\/avatar\/7d923d735cd88c8f3b65c6506ab775c5eb23a82716d81ce74eb3951cb8430f5a?s=96&d=mm&r=g\",\"contentUrl\":\"https:\/\/secure.gravatar.com\/avatar\/7d923d735cd88c8f3b65c6506ab775c5eb23a82716d81ce74eb3951cb8430f5a?s=96&d=mm&r=g\",\"caption\":\"Rechtsanwalt Robert Hotstegs\"},\"description\":\"Rechtsanwalt Robert Hotstegs ist Mitglied der Ev. Kirche. Er ist Mediator und Fachanwalt f\u00fcr Verwaltungsrecht, u.a. auf das kirchliche Disziplinar- und Dienstrecht spezialisiert. Von 2009 bis 2021 war er stellvertretendes Mitglied der Synode der Ev. Kirche in Deutschland.\",\"sameAs\":[\"https:\/\/www.hotstegs-recht.de\"]}]}<\/script>\n<!-- \/ Yoast SEO plugin. -->","yoast_head_json":{"title":"Mitgliedschaft im F\u00f6rderkreis des D\u00fcsseldorfer Instituts f\u00fcr Dienstrecht &#187; Online-Kommentar Kirchenrecht","robots":{"index":"index","follow":"follow","max-snippet":"max-snippet:-1","max-image-preview":"max-image-preview:large","max-video-preview":"max-video-preview:-1"},"canonical":"https:\/\/www.ok-kirchenrecht.de\/mitgliedschaft-im-foerderkreis-des-duesseldorfer-instituts-fuer-dienstrecht\/","og_locale":"de_DE","og_type":"article","og_title":"Mitgliedschaft im F\u00f6rderkreis des D\u00fcsseldorfer Instituts f\u00fcr Dienstrecht &#187; Online-Kommentar Kirchenrecht","og_description":"Seit Juli 2024 ist die Hotstegs Rechtsgesellschaft Mitglied im F\u00f6rderkreis des D\u00fcsseldorfer Instituts f\u00fcr Dienstrecht (difdi). Das D\u00fcsseldorfer Institut f\u00fcr Dienstrecht ist ein in ganz Deutschland aktiver Tr\u00e4ger, der sich vor allem der Weiterbildung im Bereich des Staats- und Verwaltungsrechts und des Rechts des \u00f6ffentlichen Dienstes (L\u00e4nder, Bund, Europ\u00e4ische Union, Kirchen) verschrieben hat.","og_url":"https:\/\/www.ok-kirchenrecht.de\/mitgliedschaft-im-foerderkreis-des-duesseldorfer-instituts-fuer-dienstrecht\/","og_site_name":"Online-Kommentar Kirchenrecht","article_publisher":"https:\/\/www.facebook.com\/hotstegs.recht","article_published_time":"2024-07-01T15:43:00+00:00","article_modified_time":"2024-10-14T16:09:50+00:00","og_image":[{"url":"https:\/\/www.ok-kirchenrecht.de\/wp-content\/uploads\/difdikreis_logo2022_400.jpg","type":"","width":"","height":""}],"author":"Rechtsanwalt Robert Hotstegs","twitter_card":"summary_large_image","twitter_creator":"@hotstegs_recht","twitter_site":"@hotstegs_recht","twitter_misc":{"Verfasst von":"Rechtsanwalt Robert Hotstegs","Gesch\u00e4tzte Lesezeit":"1\u00a0Minute"},"schema":{"@context":"https:\/\/schema.org","@graph":[{"@type":"Article","@id":"https:\/\/www.ok-kirchenrecht.de\/mitgliedschaft-im-foerderkreis-des-duesseldorfer-instituts-fuer-dienstrecht\/#article","isPartOf":{"@id":"https:\/\/www.ok-kirchenrecht.de\/mitgliedschaft-im-foerderkreis-des-duesseldorfer-instituts-fuer-dienstrecht\/"},"author":{"name":"Rechtsanwalt Robert Hotstegs","@id":"https:\/\/www.ok-kirchenrecht.de\/#\/schema\/person\/862d15b1c5afa755c0992e7c63635296"},"headline":"Mitgliedschaft im F\u00f6rderkreis des D\u00fcsseldorfer Instituts f\u00fcr Dienstrecht","datePublished":"2024-07-01T15:43:00+00:00","dateModified":"2024-10-14T16:09:50+00:00","mainEntityOfPage":{"@id":"https:\/\/www.ok-kirchenrecht.de\/mitgliedschaft-im-foerderkreis-des-duesseldorfer-instituts-fuer-dienstrecht\/"},"wordCount":101,"publisher":{"@id":"https:\/\/www.ok-kirchenrecht.de\/#organization"},"image":{"@id":"https:\/\/www.ok-kirchenrecht.de\/mitgliedschaft-im-foerderkreis-des-duesseldorfer-instituts-fuer-dienstrecht\/#primaryimage"},"thumbnailUrl":"https:\/\/www.ok-kirchenrecht.de\/wp-content\/uploads\/difdikreis_logo2022_400.jpg","inLanguage":"de"},{"@type":"WebPage","@id":"https:\/\/www.ok-kirchenrecht.de\/mitgliedschaft-im-foerderkreis-des-duesseldorfer-instituts-fuer-dienstrecht\/","url":"https:\/\/www.ok-kirchenrecht.de\/mitgliedschaft-im-foerderkreis-des-duesseldorfer-instituts-fuer-dienstrecht\/","name":"Mitgliedschaft im F\u00f6rderkreis des D\u00fcsseldorfer Instituts f\u00fcr Dienstrecht &#187; Online-Kommentar Kirchenrecht","isPartOf":{"@id":"https:\/\/www.ok-kirchenrecht.de\/#website"},"primaryImageOfPage":{"@id":"https:\/\/www.ok-kirchenrecht.de\/mitgliedschaft-im-foerderkreis-des-duesseldorfer-instituts-fuer-dienstrecht\/#primaryimage"},"image":{"@id":"https:\/\/www.ok-kirchenrecht.de\/mitgliedschaft-im-foerderkreis-des-duesseldorfer-instituts-fuer-dienstrecht\/#primaryimage"},"thumbnailUrl":"https:\/\/www.ok-kirchenrecht.de\/wp-content\/uploads\/difdikreis_logo2022_400.jpg","datePublished":"2024-07-01T15:43:00+00:00","dateModified":"2024-10-14T16:09:50+00:00","breadcrumb":{"@id":"https:\/\/www.ok-kirchenrecht.de\/mitgliedschaft-im-foerderkreis-des-duesseldorfer-instituts-fuer-dienstrecht\/#breadcrumb"},"inLanguage":"de","potentialAction":[{"@type":"ReadAction","target":["https:\/\/www.ok-kirchenrecht.de\/mitgliedschaft-im-foerderkreis-des-duesseldorfer-instituts-fuer-dienstrecht\/"]}]},{"@type":"ImageObject","inLanguage":"de","@id":"https:\/\/www.ok-kirchenrecht.de\/mitgliedschaft-im-foerderkreis-des-duesseldorfer-instituts-fuer-dienstrecht\/#primaryimage","url":"https:\/\/www.ok-kirchenrecht.de\/wp-content\/uploads\/difdikreis_logo2022_400.jpg","contentUrl":"https:\/\/www.ok-kirchenrecht.de\/wp-content\/uploads\/difdikreis_logo2022_400.jpg"},{"@type":"BreadcrumbList","@id":"https:\/\/www.ok-kirchenrecht.de\/mitgliedschaft-im-foerderkreis-des-duesseldorfer-instituts-fuer-dienstrecht\/#breadcrumb","itemListElement":[{"@type":"ListItem","position":1,"name":"Startseite","item":"https:\/\/www.ok-kirchenrecht.de\/"},{"@type":"ListItem","position":2,"name":"Mitgliedschaft im F\u00f6rderkreis des D\u00fcsseldorfer Instituts f\u00fcr Dienstrecht"}]},{"@type":"WebSite","@id":"https:\/\/www.ok-kirchenrecht.de\/#website","url":"https:\/\/www.ok-kirchenrecht.de\/","name":"Online-Kommentar Kirchenrecht","description":"","publisher":{"@id":"https:\/\/www.ok-kirchenrecht.de\/#organization"},"potentialAction":[{"@type":"SearchAction","target":{"@type":"EntryPoint","urlTemplate":"https:\/\/www.ok-kirchenrecht.de\/?s={search_term_string}"},"query-input":{"@type":"PropertyValueSpecification","valueRequired":true,"valueName":"search_term_string"}}],"inLanguage":"de"},{"@type":"Organization","@id":"https:\/\/www.ok-kirchenrecht.de\/#organization","name":"Hotstegs Rechtsanwaltsgesellschaft","url":"https:\/\/www.ok-kirchenrecht.de\/","logo":{"@type":"ImageObject","inLanguage":"de","@id":"https:\/\/www.ok-kirchenrecht.de\/#\/schema\/logo\/image\/","url":"http:\/\/www.ok-kirchenrecht.de\/wp-content\/uploads\/logo2013.jpg","contentUrl":"http:\/\/www.ok-kirchenrecht.de\/wp-content\/uploads\/logo2013.jpg","width":914,"height":275,"caption":"Hotstegs Rechtsanwaltsgesellschaft"},"image":{"@id":"https:\/\/www.ok-kirchenrecht.de\/#\/schema\/logo\/image\/"},"sameAs":["https:\/\/www.facebook.com\/hotstegs.recht","https:\/\/x.com\/hotstegs_recht","https:\/\/www.instagram.com\/hotstegs.recht","https:\/\/de.linkedin.com\/company\/hotstegs-recht"]},{"@type":"Person","@id":"https:\/\/www.ok-kirchenrecht.de\/#\/schema\/person\/862d15b1c5afa755c0992e7c63635296","name":"Rechtsanwalt Robert Hotstegs","image":{"@type":"ImageObject","inLanguage":"de","@id":"https:\/\/www.ok-kirchenrecht.de\/#\/schema\/person\/image\/","url":"https:\/\/secure.gravatar.com\/avatar\/7d923d735cd88c8f3b65c6506ab775c5eb23a82716d81ce74eb3951cb8430f5a?s=96&d=mm&r=g","contentUrl":"https:\/\/secure.gravatar.com\/avatar\/7d923d735cd88c8f3b65c6506ab775c5eb23a82716d81ce74eb3951cb8430f5a?s=96&d=mm&r=g","caption":"Rechtsanwalt Robert Hotstegs"},"description":"Rechtsanwalt Robert Hotstegs ist Mitglied der Ev. Kirche. Er ist Mediator und Fachanwalt f\u00fcr Verwaltungsrecht, u.a. auf das kirchliche Disziplinar- und Dienstrecht spezialisiert. Von 2009 bis 2021 war er stellvertretendes Mitglied der Synode der Ev. Kirche in Deutschland.","sameAs":["https:\/\/www.hotstegs-recht.de"]}]}},"_links":{"self":[{"href":"https:\/\/www.ok-kirchenrecht.de\/wp-json\/wp\/v2\/posts\/537","targetHints":{"allow":["GET"]}}],"collection":[{"href":"https:\/\/www.ok-kirchenrecht.de\/wp-json\/wp\/v2\/posts"}],"about":[{"href":"https:\/\/www.ok-kirchenrecht.de\/wp-json\/wp\/v2\/types\/post"}],"author":[{"embeddable":true,"href":"https:\/\/www.ok-kirchenrecht.de\/wp-json\/wp\/v2\/users\/1"}],"replies":[{"embeddable":true,"href":"https:\/\/www.ok-kirchenrecht.de\/wp-json\/wp\/v2\/comments?post=537"}],"version-history":[{"count":3,"href":"https:\/\/www.ok-kirchenrecht.de\/wp-json\/wp\/v2\/posts\/537\/revisions"}],"predecessor-version":[{"id":541,"href":"https:\/\/www.ok-kirchenrecht.de\/wp-json\/wp\/v2\/posts\/537\/revisions\/541"}],"wp:attachment":[{"href":"https:\/\/www.ok-kirchenrecht.de\/wp-json\/wp\/v2\/media?parent=537"}],"wp:term":[{"taxonomy":"category","embeddable":true,"href":"https:\/\/www.ok-kirchenrecht.de\/wp-json\/wp\/v2\/categories?post=537"},{"taxonomy":"post_tag","embeddable":true,"href":"https:\/\/www.ok-kirchenrecht.de\/wp-json\/wp\/v2\/tags?post=537"}],"curies":[{"name":"wp","href":"https:\/\/api.w.org\/{rel}","templated":true}]}}