{"id":454,"date":"2021-06-24T16:13:17","date_gmt":"2021-06-24T14:13:17","guid":{"rendered":"http:\/\/www.ok-kirchenrecht.de\/?p=454"},"modified":"2023-05-30T14:06:46","modified_gmt":"2023-05-30T12:06:46","slug":"leserforum-njw-aktuell-26-2021-10","status":"publish","type":"post","link":"https:\/\/www.ok-kirchenrecht.de\/leserforum-njw-aktuell-26-2021-10\/","title":{"rendered":"Leserforum, NJW-aktuell 26\/2021, 10"},"content":{"rendered":"\n<p><strong>Zu Rixen\/Sch\u00fcller\/Wagner, NJW 2021, 1702.<\/strong> Vielen Dank den drei Autoren f\u00fcr die Aufarbeitung der Aufarbeitung. Die \u00e4u\u00dferungsrechtlichen Fragen rund um Ver\u00f6ffentlichungen von Abschluss- und Zwischenberichten beleuchten die eine Seite. Der Absatz zum Archivrecht die andere. Dazwischen liegt nicht nur in tats\u00e4chlicher Hinsicht, sondern auch in juristischer Hinsicht viel Schatten und Dunkel. Denn es gab und gibt ja auch kircheninterne Wege und Verfahren Anspr\u00fcche und Fehlverhalten aufzukl\u00e4ren. Insbesondere die kirchlichen Disziplinargerichte nehmen f\u00fcr sich in Anspruch, dass sie den staatlichen Rechtsweg verdr\u00e4ngen. Aus staatlicher Sicht sind sie ihm jedenfalls aber vorgelagert, weil der kirchliche Instanzenzug auszusch\u00f6pfen ist.<\/p>\n\n\n\n<p>Ob und welche Verfahren aber vor kirchlichen Gerichten gef\u00fchrt werden, ist kaum dokumentiert.<\/p>\n\n\n\n<p>Die schon bei staatlichen Gerichten vernachl\u00e4ssigte Ver\u00f6ffentlichungspraxis versagt bei kirchlichen Gerichten nahezu vollst\u00e4ndig. Weder interne noch externe Stellen dokumentieren das gesprochene Recht vollst\u00e4ndig.<\/p>\n\n\n\n<p>Es ist an der Zeit auch dort anzusetzen und f\u00fcr Licht zu sorgen: lassen Sie uns von Innen und von Au\u00dfen auf die Ver\u00f6ffentlichung hinwirken. Geheime kirchengerichtliche Entscheidungen geh\u00f6ren nicht in unsere Zeit. Sie schw\u00e4chen den Rechtsschutz und zugleich Vertrauen und Aufarbeitungsbem\u00fchungen. Es braucht ein aggiornamento &#8211; eine \u00d6ffnung der Kirchen &#8211; auch in der Ver\u00f6ffentlichungspraxis der kirchlichen Justiz.<\/p>\n\n\n\n<p>Fachanwalt f\u00fcr Verwaltungsrecht Robert Hotstegs, D\u00fcsseldorf,<br>ehemaliges stellvertretendes Mitglied der Synode der EKD<\/p>\n\n\n\n<!--more-->\n\n\n\n<figure class=\"wp-block-image size-large\"><a href=\"https:\/\/www.ok-kirchenrecht.de\/wp-content\/uploads\/Hotstegs-NJW-aktuell-2021-26-10.jpg\"><img loading=\"lazy\" decoding=\"async\" width=\"1024\" height=\"618\" src=\"https:\/\/www.ok-kirchenrecht.de\/wp-content\/uploads\/Hotstegs-NJW-aktuell-2021-26-10-1024x618.jpg\" alt=\"\" class=\"wp-image-455\" srcset=\"https:\/\/www.ok-kirchenrecht.de\/wp-content\/uploads\/Hotstegs-NJW-aktuell-2021-26-10-1024x618.jpg 1024w, https:\/\/www.ok-kirchenrecht.de\/wp-content\/uploads\/Hotstegs-NJW-aktuell-2021-26-10-300x181.jpg 300w, https:\/\/www.ok-kirchenrecht.de\/wp-content\/uploads\/Hotstegs-NJW-aktuell-2021-26-10-768x463.jpg 768w, https:\/\/www.ok-kirchenrecht.de\/wp-content\/uploads\/Hotstegs-NJW-aktuell-2021-26-10-900x543.jpg 900w, https:\/\/www.ok-kirchenrecht.de\/wp-content\/uploads\/Hotstegs-NJW-aktuell-2021-26-10-1000x603.jpg 1000w, https:\/\/www.ok-kirchenrecht.de\/wp-content\/uploads\/Hotstegs-NJW-aktuell-2021-26-10-450x271.jpg 450w, https:\/\/www.ok-kirchenrecht.de\/wp-content\/uploads\/Hotstegs-NJW-aktuell-2021-26-10.jpg 1368w\" sizes=\"auto, (max-width: 1024px) 100vw, 1024px\" \/><\/a><\/figure>\n","protected":false},"excerpt":{"rendered":"<p>Zu Rixen\/Sch\u00fcller\/Wagner, NJW 2021, 1702. Vielen Dank den drei Autoren f\u00fcr die Aufarbeitung der Aufarbeitung. Die \u00e4u\u00dferungsrechtlichen Fragen rund um Ver\u00f6ffentlichungen von Abschluss- und Zwischenberichten beleuchten die eine Seite. Der Absatz zum Archivrecht die andere. Dazwischen liegt nicht nur in tats\u00e4chlicher Hinsicht, sondern auch in juristischer Hinsicht viel Schatten und Dunkel. Denn es gab und<\/p>\n","protected":false},"author":1,"featured_media":0,"comment_status":"closed","ping_status":"open","sticky":false,"template":"","format":"standard","meta":{"footnotes":""},"categories":[1,2,6,7,3],"tags":[],"class_list":["post-454","post","type-post","status-publish","format-standard","hentry","category-allgemein","category-disziplinarrecht","category-kirchenbeamtenrecht","category-pfarrdienstrecht","category-vvzg-ekd","no-featured-content"],"yoast_head":"<!-- This site is optimized with the Yoast SEO plugin v26.6 - https:\/\/yoast.com\/wordpress\/plugins\/seo\/ -->\n<title>Leserforum, NJW-aktuell 26\/2021, 10 &#187; Online-Kommentar Kirchenrecht<\/title>\n<meta name=\"robots\" content=\"index, follow, max-snippet:-1, max-image-preview:large, max-video-preview:-1\" \/>\n<link rel=\"canonical\" href=\"https:\/\/www.ok-kirchenrecht.de\/leserforum-njw-aktuell-26-2021-10\/\" \/>\n<meta property=\"og:locale\" content=\"de_DE\" \/>\n<meta property=\"og:type\" content=\"article\" \/>\n<meta property=\"og:title\" content=\"Leserforum, NJW-aktuell 26\/2021, 10 &#187; Online-Kommentar Kirchenrecht\" \/>\n<meta property=\"og:description\" content=\"Zu Rixen\/Sch\u00fcller\/Wagner, NJW 2021, 1702. Vielen Dank den drei Autoren f\u00fcr die Aufarbeitung der Aufarbeitung. Die \u00e4u\u00dferungsrechtlichen Fragen rund um Ver\u00f6ffentlichungen von Abschluss- und Zwischenberichten beleuchten die eine Seite. Der Absatz zum Archivrecht die andere. Dazwischen liegt nicht nur in tats\u00e4chlicher Hinsicht, sondern auch in juristischer Hinsicht viel Schatten und Dunkel. Denn es gab und\" \/>\n<meta property=\"og:url\" content=\"https:\/\/www.ok-kirchenrecht.de\/leserforum-njw-aktuell-26-2021-10\/\" \/>\n<meta property=\"og:site_name\" content=\"Online-Kommentar Kirchenrecht\" \/>\n<meta property=\"article:publisher\" content=\"https:\/\/www.facebook.com\/hotstegs.recht\" \/>\n<meta property=\"article:published_time\" content=\"2021-06-24T14:13:17+00:00\" \/>\n<meta property=\"article:modified_time\" content=\"2023-05-30T12:06:46+00:00\" \/>\n<meta property=\"og:image\" content=\"http:\/\/www.ok-kirchenrecht.de\/wp-content\/uploads\/Hotstegs-NJW-aktuell-2021-26-10-1024x618.jpg\" \/>\n<meta name=\"author\" content=\"Rechtsanwalt Robert Hotstegs\" \/>\n<meta name=\"twitter:card\" content=\"summary_large_image\" \/>\n<meta name=\"twitter:creator\" content=\"@hotstegs_recht\" \/>\n<meta name=\"twitter:site\" content=\"@hotstegs_recht\" \/>\n<meta name=\"twitter:label1\" content=\"Verfasst von\" \/>\n\t<meta name=\"twitter:data1\" content=\"Rechtsanwalt Robert Hotstegs\" \/>\n\t<meta name=\"twitter:label2\" content=\"Gesch\u00e4tzte Lesezeit\" \/>\n\t<meta name=\"twitter:data2\" content=\"2\u00a0Minuten\" \/>\n<script type=\"application\/ld+json\" class=\"yoast-schema-graph\">{\"@context\":\"https:\/\/schema.org\",\"@graph\":[{\"@type\":\"Article\",\"@id\":\"https:\/\/www.ok-kirchenrecht.de\/leserforum-njw-aktuell-26-2021-10\/#article\",\"isPartOf\":{\"@id\":\"https:\/\/www.ok-kirchenrecht.de\/leserforum-njw-aktuell-26-2021-10\/\"},\"author\":{\"name\":\"Rechtsanwalt Robert Hotstegs\",\"@id\":\"https:\/\/www.ok-kirchenrecht.de\/#\/schema\/person\/862d15b1c5afa755c0992e7c63635296\"},\"headline\":\"Leserforum, NJW-aktuell 26\/2021, 10\",\"datePublished\":\"2021-06-24T14:13:17+00:00\",\"dateModified\":\"2023-05-30T12:06:46+00:00\",\"mainEntityOfPage\":{\"@id\":\"https:\/\/www.ok-kirchenrecht.de\/leserforum-njw-aktuell-26-2021-10\/\"},\"wordCount\":230,\"publisher\":{\"@id\":\"https:\/\/www.ok-kirchenrecht.de\/#organization\"},\"image\":{\"@id\":\"https:\/\/www.ok-kirchenrecht.de\/leserforum-njw-aktuell-26-2021-10\/#primaryimage\"},\"thumbnailUrl\":\"http:\/\/www.ok-kirchenrecht.de\/wp-content\/uploads\/Hotstegs-NJW-aktuell-2021-26-10-1024x618.jpg\",\"articleSection\":{\"1\":\"Disziplinarrecht (DG.EKD)\",\"2\":\"Kirchenbeamtenrecht (KBG.EKD)\",\"3\":\"Pfarrdienstrecht (PfDG.EKD)\",\"4\":\"Verwaltungsverfahrensrecht (VVZG-EKD)\"},\"inLanguage\":\"de\"},{\"@type\":\"WebPage\",\"@id\":\"https:\/\/www.ok-kirchenrecht.de\/leserforum-njw-aktuell-26-2021-10\/\",\"url\":\"https:\/\/www.ok-kirchenrecht.de\/leserforum-njw-aktuell-26-2021-10\/\",\"name\":\"Leserforum, NJW-aktuell 26\/2021, 10 &#187; Online-Kommentar Kirchenrecht\",\"isPartOf\":{\"@id\":\"https:\/\/www.ok-kirchenrecht.de\/#website\"},\"primaryImageOfPage\":{\"@id\":\"https:\/\/www.ok-kirchenrecht.de\/leserforum-njw-aktuell-26-2021-10\/#primaryimage\"},\"image\":{\"@id\":\"https:\/\/www.ok-kirchenrecht.de\/leserforum-njw-aktuell-26-2021-10\/#primaryimage\"},\"thumbnailUrl\":\"http:\/\/www.ok-kirchenrecht.de\/wp-content\/uploads\/Hotstegs-NJW-aktuell-2021-26-10-1024x618.jpg\",\"datePublished\":\"2021-06-24T14:13:17+00:00\",\"dateModified\":\"2023-05-30T12:06:46+00:00\",\"breadcrumb\":{\"@id\":\"https:\/\/www.ok-kirchenrecht.de\/leserforum-njw-aktuell-26-2021-10\/#breadcrumb\"},\"inLanguage\":\"de\",\"potentialAction\":[{\"@type\":\"ReadAction\",\"target\":[\"https:\/\/www.ok-kirchenrecht.de\/leserforum-njw-aktuell-26-2021-10\/\"]}]},{\"@type\":\"ImageObject\",\"inLanguage\":\"de\",\"@id\":\"https:\/\/www.ok-kirchenrecht.de\/leserforum-njw-aktuell-26-2021-10\/#primaryimage\",\"url\":\"https:\/\/www.ok-kirchenrecht.de\/wp-content\/uploads\/Hotstegs-NJW-aktuell-2021-26-10.jpg\",\"contentUrl\":\"https:\/\/www.ok-kirchenrecht.de\/wp-content\/uploads\/Hotstegs-NJW-aktuell-2021-26-10.jpg\",\"width\":1368,\"height\":825},{\"@type\":\"BreadcrumbList\",\"@id\":\"https:\/\/www.ok-kirchenrecht.de\/leserforum-njw-aktuell-26-2021-10\/#breadcrumb\",\"itemListElement\":[{\"@type\":\"ListItem\",\"position\":1,\"name\":\"Startseite\",\"item\":\"https:\/\/www.ok-kirchenrecht.de\/\"},{\"@type\":\"ListItem\",\"position\":2,\"name\":\"Leserforum, NJW-aktuell 26\/2021, 10\"}]},{\"@type\":\"WebSite\",\"@id\":\"https:\/\/www.ok-kirchenrecht.de\/#website\",\"url\":\"https:\/\/www.ok-kirchenrecht.de\/\",\"name\":\"Online-Kommentar Kirchenrecht\",\"description\":\"\",\"publisher\":{\"@id\":\"https:\/\/www.ok-kirchenrecht.de\/#organization\"},\"potentialAction\":[{\"@type\":\"SearchAction\",\"target\":{\"@type\":\"EntryPoint\",\"urlTemplate\":\"https:\/\/www.ok-kirchenrecht.de\/?s={search_term_string}\"},\"query-input\":{\"@type\":\"PropertyValueSpecification\",\"valueRequired\":true,\"valueName\":\"search_term_string\"}}],\"inLanguage\":\"de\"},{\"@type\":\"Organization\",\"@id\":\"https:\/\/www.ok-kirchenrecht.de\/#organization\",\"name\":\"Hotstegs Rechtsanwaltsgesellschaft\",\"url\":\"https:\/\/www.ok-kirchenrecht.de\/\",\"logo\":{\"@type\":\"ImageObject\",\"inLanguage\":\"de\",\"@id\":\"https:\/\/www.ok-kirchenrecht.de\/#\/schema\/logo\/image\/\",\"url\":\"http:\/\/www.ok-kirchenrecht.de\/wp-content\/uploads\/logo2013.jpg\",\"contentUrl\":\"http:\/\/www.ok-kirchenrecht.de\/wp-content\/uploads\/logo2013.jpg\",\"width\":914,\"height\":275,\"caption\":\"Hotstegs Rechtsanwaltsgesellschaft\"},\"image\":{\"@id\":\"https:\/\/www.ok-kirchenrecht.de\/#\/schema\/logo\/image\/\"},\"sameAs\":[\"https:\/\/www.facebook.com\/hotstegs.recht\",\"https:\/\/x.com\/hotstegs_recht\",\"https:\/\/www.instagram.com\/hotstegs.recht\",\"https:\/\/de.linkedin.com\/company\/hotstegs-recht\"]},{\"@type\":\"Person\",\"@id\":\"https:\/\/www.ok-kirchenrecht.de\/#\/schema\/person\/862d15b1c5afa755c0992e7c63635296\",\"name\":\"Rechtsanwalt Robert Hotstegs\",\"image\":{\"@type\":\"ImageObject\",\"inLanguage\":\"de\",\"@id\":\"https:\/\/www.ok-kirchenrecht.de\/#\/schema\/person\/image\/\",\"url\":\"https:\/\/secure.gravatar.com\/avatar\/7d923d735cd88c8f3b65c6506ab775c5eb23a82716d81ce74eb3951cb8430f5a?s=96&d=mm&r=g\",\"contentUrl\":\"https:\/\/secure.gravatar.com\/avatar\/7d923d735cd88c8f3b65c6506ab775c5eb23a82716d81ce74eb3951cb8430f5a?s=96&d=mm&r=g\",\"caption\":\"Rechtsanwalt Robert Hotstegs\"},\"description\":\"Rechtsanwalt Robert Hotstegs ist Mitglied der Ev. Kirche. Er ist Mediator und Fachanwalt f\u00fcr Verwaltungsrecht, u.a. auf das kirchliche Disziplinar- und Dienstrecht spezialisiert. Von 2009 bis 2021 war er stellvertretendes Mitglied der Synode der Ev. Kirche in Deutschland.\",\"sameAs\":[\"https:\/\/www.hotstegs-recht.de\"]}]}<\/script>\n<!-- \/ Yoast SEO plugin. -->","yoast_head_json":{"title":"Leserforum, NJW-aktuell 26\/2021, 10 &#187; Online-Kommentar Kirchenrecht","robots":{"index":"index","follow":"follow","max-snippet":"max-snippet:-1","max-image-preview":"max-image-preview:large","max-video-preview":"max-video-preview:-1"},"canonical":"https:\/\/www.ok-kirchenrecht.de\/leserforum-njw-aktuell-26-2021-10\/","og_locale":"de_DE","og_type":"article","og_title":"Leserforum, NJW-aktuell 26\/2021, 10 &#187; Online-Kommentar Kirchenrecht","og_description":"Zu Rixen\/Sch\u00fcller\/Wagner, NJW 2021, 1702. Vielen Dank den drei Autoren f\u00fcr die Aufarbeitung der Aufarbeitung. Die \u00e4u\u00dferungsrechtlichen Fragen rund um Ver\u00f6ffentlichungen von Abschluss- und Zwischenberichten beleuchten die eine Seite. Der Absatz zum Archivrecht die andere. Dazwischen liegt nicht nur in tats\u00e4chlicher Hinsicht, sondern auch in juristischer Hinsicht viel Schatten und Dunkel. Denn es gab und","og_url":"https:\/\/www.ok-kirchenrecht.de\/leserforum-njw-aktuell-26-2021-10\/","og_site_name":"Online-Kommentar Kirchenrecht","article_publisher":"https:\/\/www.facebook.com\/hotstegs.recht","article_published_time":"2021-06-24T14:13:17+00:00","article_modified_time":"2023-05-30T12:06:46+00:00","og_image":[{"url":"http:\/\/www.ok-kirchenrecht.de\/wp-content\/uploads\/Hotstegs-NJW-aktuell-2021-26-10-1024x618.jpg","type":"","width":"","height":""}],"author":"Rechtsanwalt Robert Hotstegs","twitter_card":"summary_large_image","twitter_creator":"@hotstegs_recht","twitter_site":"@hotstegs_recht","twitter_misc":{"Verfasst von":"Rechtsanwalt Robert Hotstegs","Gesch\u00e4tzte Lesezeit":"2\u00a0Minuten"},"schema":{"@context":"https:\/\/schema.org","@graph":[{"@type":"Article","@id":"https:\/\/www.ok-kirchenrecht.de\/leserforum-njw-aktuell-26-2021-10\/#article","isPartOf":{"@id":"https:\/\/www.ok-kirchenrecht.de\/leserforum-njw-aktuell-26-2021-10\/"},"author":{"name":"Rechtsanwalt Robert Hotstegs","@id":"https:\/\/www.ok-kirchenrecht.de\/#\/schema\/person\/862d15b1c5afa755c0992e7c63635296"},"headline":"Leserforum, NJW-aktuell 26\/2021, 10","datePublished":"2021-06-24T14:13:17+00:00","dateModified":"2023-05-30T12:06:46+00:00","mainEntityOfPage":{"@id":"https:\/\/www.ok-kirchenrecht.de\/leserforum-njw-aktuell-26-2021-10\/"},"wordCount":230,"publisher":{"@id":"https:\/\/www.ok-kirchenrecht.de\/#organization"},"image":{"@id":"https:\/\/www.ok-kirchenrecht.de\/leserforum-njw-aktuell-26-2021-10\/#primaryimage"},"thumbnailUrl":"http:\/\/www.ok-kirchenrecht.de\/wp-content\/uploads\/Hotstegs-NJW-aktuell-2021-26-10-1024x618.jpg","articleSection":{"1":"Disziplinarrecht (DG.EKD)","2":"Kirchenbeamtenrecht (KBG.EKD)","3":"Pfarrdienstrecht (PfDG.EKD)","4":"Verwaltungsverfahrensrecht (VVZG-EKD)"},"inLanguage":"de"},{"@type":"WebPage","@id":"https:\/\/www.ok-kirchenrecht.de\/leserforum-njw-aktuell-26-2021-10\/","url":"https:\/\/www.ok-kirchenrecht.de\/leserforum-njw-aktuell-26-2021-10\/","name":"Leserforum, NJW-aktuell 26\/2021, 10 &#187; Online-Kommentar Kirchenrecht","isPartOf":{"@id":"https:\/\/www.ok-kirchenrecht.de\/#website"},"primaryImageOfPage":{"@id":"https:\/\/www.ok-kirchenrecht.de\/leserforum-njw-aktuell-26-2021-10\/#primaryimage"},"image":{"@id":"https:\/\/www.ok-kirchenrecht.de\/leserforum-njw-aktuell-26-2021-10\/#primaryimage"},"thumbnailUrl":"http:\/\/www.ok-kirchenrecht.de\/wp-content\/uploads\/Hotstegs-NJW-aktuell-2021-26-10-1024x618.jpg","datePublished":"2021-06-24T14:13:17+00:00","dateModified":"2023-05-30T12:06:46+00:00","breadcrumb":{"@id":"https:\/\/www.ok-kirchenrecht.de\/leserforum-njw-aktuell-26-2021-10\/#breadcrumb"},"inLanguage":"de","potentialAction":[{"@type":"ReadAction","target":["https:\/\/www.ok-kirchenrecht.de\/leserforum-njw-aktuell-26-2021-10\/"]}]},{"@type":"ImageObject","inLanguage":"de","@id":"https:\/\/www.ok-kirchenrecht.de\/leserforum-njw-aktuell-26-2021-10\/#primaryimage","url":"https:\/\/www.ok-kirchenrecht.de\/wp-content\/uploads\/Hotstegs-NJW-aktuell-2021-26-10.jpg","contentUrl":"https:\/\/www.ok-kirchenrecht.de\/wp-content\/uploads\/Hotstegs-NJW-aktuell-2021-26-10.jpg","width":1368,"height":825},{"@type":"BreadcrumbList","@id":"https:\/\/www.ok-kirchenrecht.de\/leserforum-njw-aktuell-26-2021-10\/#breadcrumb","itemListElement":[{"@type":"ListItem","position":1,"name":"Startseite","item":"https:\/\/www.ok-kirchenrecht.de\/"},{"@type":"ListItem","position":2,"name":"Leserforum, NJW-aktuell 26\/2021, 10"}]},{"@type":"WebSite","@id":"https:\/\/www.ok-kirchenrecht.de\/#website","url":"https:\/\/www.ok-kirchenrecht.de\/","name":"Online-Kommentar Kirchenrecht","description":"","publisher":{"@id":"https:\/\/www.ok-kirchenrecht.de\/#organization"},"potentialAction":[{"@type":"SearchAction","target":{"@type":"EntryPoint","urlTemplate":"https:\/\/www.ok-kirchenrecht.de\/?s={search_term_string}"},"query-input":{"@type":"PropertyValueSpecification","valueRequired":true,"valueName":"search_term_string"}}],"inLanguage":"de"},{"@type":"Organization","@id":"https:\/\/www.ok-kirchenrecht.de\/#organization","name":"Hotstegs Rechtsanwaltsgesellschaft","url":"https:\/\/www.ok-kirchenrecht.de\/","logo":{"@type":"ImageObject","inLanguage":"de","@id":"https:\/\/www.ok-kirchenrecht.de\/#\/schema\/logo\/image\/","url":"http:\/\/www.ok-kirchenrecht.de\/wp-content\/uploads\/logo2013.jpg","contentUrl":"http:\/\/www.ok-kirchenrecht.de\/wp-content\/uploads\/logo2013.jpg","width":914,"height":275,"caption":"Hotstegs Rechtsanwaltsgesellschaft"},"image":{"@id":"https:\/\/www.ok-kirchenrecht.de\/#\/schema\/logo\/image\/"},"sameAs":["https:\/\/www.facebook.com\/hotstegs.recht","https:\/\/x.com\/hotstegs_recht","https:\/\/www.instagram.com\/hotstegs.recht","https:\/\/de.linkedin.com\/company\/hotstegs-recht"]},{"@type":"Person","@id":"https:\/\/www.ok-kirchenrecht.de\/#\/schema\/person\/862d15b1c5afa755c0992e7c63635296","name":"Rechtsanwalt Robert Hotstegs","image":{"@type":"ImageObject","inLanguage":"de","@id":"https:\/\/www.ok-kirchenrecht.de\/#\/schema\/person\/image\/","url":"https:\/\/secure.gravatar.com\/avatar\/7d923d735cd88c8f3b65c6506ab775c5eb23a82716d81ce74eb3951cb8430f5a?s=96&d=mm&r=g","contentUrl":"https:\/\/secure.gravatar.com\/avatar\/7d923d735cd88c8f3b65c6506ab775c5eb23a82716d81ce74eb3951cb8430f5a?s=96&d=mm&r=g","caption":"Rechtsanwalt Robert Hotstegs"},"description":"Rechtsanwalt Robert Hotstegs ist Mitglied der Ev. Kirche. Er ist Mediator und Fachanwalt f\u00fcr Verwaltungsrecht, u.a. auf das kirchliche Disziplinar- und Dienstrecht spezialisiert. Von 2009 bis 2021 war er stellvertretendes Mitglied der Synode der Ev. Kirche in Deutschland.","sameAs":["https:\/\/www.hotstegs-recht.de"]}]}},"_links":{"self":[{"href":"https:\/\/www.ok-kirchenrecht.de\/wp-json\/wp\/v2\/posts\/454","targetHints":{"allow":["GET"]}}],"collection":[{"href":"https:\/\/www.ok-kirchenrecht.de\/wp-json\/wp\/v2\/posts"}],"about":[{"href":"https:\/\/www.ok-kirchenrecht.de\/wp-json\/wp\/v2\/types\/post"}],"author":[{"embeddable":true,"href":"https:\/\/www.ok-kirchenrecht.de\/wp-json\/wp\/v2\/users\/1"}],"replies":[{"embeddable":true,"href":"https:\/\/www.ok-kirchenrecht.de\/wp-json\/wp\/v2\/comments?post=454"}],"version-history":[{"count":1,"href":"https:\/\/www.ok-kirchenrecht.de\/wp-json\/wp\/v2\/posts\/454\/revisions"}],"predecessor-version":[{"id":456,"href":"https:\/\/www.ok-kirchenrecht.de\/wp-json\/wp\/v2\/posts\/454\/revisions\/456"}],"wp:attachment":[{"href":"https:\/\/www.ok-kirchenrecht.de\/wp-json\/wp\/v2\/media?parent=454"}],"wp:term":[{"taxonomy":"category","embeddable":true,"href":"https:\/\/www.ok-kirchenrecht.de\/wp-json\/wp\/v2\/categories?post=454"},{"taxonomy":"post_tag","embeddable":true,"href":"https:\/\/www.ok-kirchenrecht.de\/wp-json\/wp\/v2\/tags?post=454"}],"curies":[{"name":"wp","href":"https:\/\/api.w.org\/{rel}","templated":true}]}}