{"id":236,"date":"2015-12-21T19:08:25","date_gmt":"2015-12-21T17:08:25","guid":{"rendered":"http:\/\/www.ok-kirchenrecht.de\/?p=236"},"modified":"2017-02-20T19:13:34","modified_gmt":"2017-02-20T17:13:34","slug":"schwerbehinderung-bei-pfarrern-nur-gottes-lohn-und-warme-worte-lto-de-v-21-12-2015","status":"publish","type":"post","link":"https:\/\/www.ok-kirchenrecht.de\/schwerbehinderung-bei-pfarrern-nur-gottes-lohn-und-warme-worte-lto-de-v-21-12-2015\/","title":{"rendered":"Schwerbehinderung bei Pfarrern: Nur Gottes Lohn und warme Worte, lto.de v. 21.12.2015"},"content":{"rendered":"<p><strong>Wird ein Pfarrer im Laufe seines Berufslebens behindert, tut er gut daran, einen Grad von 50 Prozent zu erreichen. Darunter ist er von den Regelungen zum Arbeitsschutz f\u00fcr Behinderte nicht erfasst. Ein Geistlicher wehrt sich jetzt.<br \/>\n<\/strong><\/p>\n<p>F\u00fcr Pfarrer gibt es ganz eigene Verordnungen und besondere Regelungen. Manchmal ist das eine feine Sache, wie etwa spezielle Urlaubsverordnungen Geistlichen bis zu 44 Urlaubstage garantiert. Mit einer Sonderregelung im Sozialgesetzbuch IX (SGB) sieht das anders aus. In <a href=\"https:\/\/dejure.org\/gesetze\/SGB_IX\/73.html\" title=\"&sect; 73 SGB IX: Reisekosten\">\u00a7 73 SGB IX<\/a> ist der Begriff des Arbeitsplatzes definiert \u2013 und darunter fallen nach Abs. 2 Nr. 2 keine Stellen, auf denen &#8222;Geistliche \u00f6ffentlich-rechtlicher Religionsgemeinschaften&#8220; besch\u00e4ftigt werden. Auf die Regelung des <a href=\"https:\/\/dejure.org\/gesetze\/SGB_IX\/73.html\" title=\"&sect; 73 SGB IX: Reisekosten\">\u00a7 73 SGB IX<\/a> verweist wiederum <a href=\"https:\/\/dejure.org\/gesetze\/SGB_IX\/2.html\" title=\"&sect; 2 SGB IX: Begriffsbestimmungen\">\u00a7 2 SGB IX<\/a>, in dem eine Behinderung \u00fcberhaupt definiert ist \u2013 und eigentlich soll es in \u00a7 73 um die Z\u00e4hlung von Arbeitspl\u00e4tzen gehen, damit die H\u00f6he der Ausgleichszahlung f\u00fcr Unternehmen berechnet werden kann, falls diese nicht genug Arbeitspl\u00e4tze f\u00fcr Behinderte vorhalten.<\/p>\n<p>So geht es einem Mandanten von Robert Hotstegs, Fachanwalt f\u00fcr Verwaltungsrecht in D\u00fcsseldorf. Wie der Anwalt schildert, hat der Pfarrer hat bei der Aus\u00fcbung seines Berufslebens eine Beeintr\u00e4chtigung erlitten, die nun zu einem Grad der Behinderung von 30 Prozent gef\u00fchrt hat. Der Mann stellte einen Antrag auf Gleichstellung mit Schwerbehinderten bei einer Agentur f\u00fcr Arbeit \u2013 der abgelehnt wurde. Hotstegs erhob Anfang Dezember in seinem Namen Klage (Sozialgericht Chemnitz, Az. <a href=\"https:\/\/dejure.org\/dienste\/vernetzung\/rechtsprechung?Text=S%2028%20AL%20757\/15\" title=\"SG Chemnitz, 26.01.2017 - S 28 AL 757\/15: Sozialrecht bei Kirchen: Pfarrerin nicht behindert ge...\">S 28 AL 757\/15<\/a>).<\/p>\n<p><a href=\"http:\/\/www.lto.de\/recht\/hintergruende\/h\/pfarrer-arbeitsrecht-behinderung-fuenfzig-prozent\/\" target=\"_blank\">direkt zum LTO-Artikel <\/a><\/p>\n","protected":false},"excerpt":{"rendered":"<p>Wird ein Pfarrer im Laufe seines Berufslebens behindert, tut er gut daran, einen Grad von 50 Prozent zu erreichen. Darunter ist er von den Regelungen zum Arbeitsschutz f\u00fcr Behinderte nicht erfasst. Ein Geistlicher wehrt sich jetzt. F\u00fcr Pfarrer gibt es ganz eigene Verordnungen und besondere Regelungen. Manchmal ist das eine feine Sache, wie etwa spezielle<\/p>\n","protected":false},"author":1,"featured_media":142,"comment_status":"closed","ping_status":"open","sticky":false,"template":"","format":"standard","meta":{"footnotes":""},"categories":[1,7],"tags":[],"class_list":["post-236","post","type-post","status-publish","format-standard","has-post-thumbnail","hentry","category-allgemein","category-pfarrdienstrecht"],"yoast_head":"<!-- This site is optimized with the Yoast SEO plugin v26.6 - https:\/\/yoast.com\/wordpress\/plugins\/seo\/ -->\n<title>Schwerbehinderung bei Pfarrern: Nur Gottes Lohn und warme Worte, lto.de v. 21.12.2015 &#187; Online-Kommentar Kirchenrecht<\/title>\n<meta name=\"robots\" content=\"index, follow, max-snippet:-1, max-image-preview:large, max-video-preview:-1\" \/>\n<link rel=\"canonical\" href=\"https:\/\/www.ok-kirchenrecht.de\/schwerbehinderung-bei-pfarrern-nur-gottes-lohn-und-warme-worte-lto-de-v-21-12-2015\/\" \/>\n<meta property=\"og:locale\" content=\"de_DE\" \/>\n<meta property=\"og:type\" content=\"article\" \/>\n<meta property=\"og:title\" content=\"Schwerbehinderung bei Pfarrern: Nur Gottes Lohn und warme Worte, lto.de v. 21.12.2015 &#187; Online-Kommentar Kirchenrecht\" \/>\n<meta property=\"og:description\" content=\"Wird ein Pfarrer im Laufe seines Berufslebens behindert, tut er gut daran, einen Grad von 50 Prozent zu erreichen. Darunter ist er von den Regelungen zum Arbeitsschutz f\u00fcr Behinderte nicht erfasst. Ein Geistlicher wehrt sich jetzt. F\u00fcr Pfarrer gibt es ganz eigene Verordnungen und besondere Regelungen. Manchmal ist das eine feine Sache, wie etwa spezielle\" \/>\n<meta property=\"og:url\" content=\"https:\/\/www.ok-kirchenrecht.de\/schwerbehinderung-bei-pfarrern-nur-gottes-lohn-und-warme-worte-lto-de-v-21-12-2015\/\" \/>\n<meta property=\"og:site_name\" content=\"Online-Kommentar Kirchenrecht\" \/>\n<meta property=\"article:publisher\" content=\"https:\/\/www.facebook.com\/hotstegs.recht\" \/>\n<meta property=\"article:published_time\" content=\"2015-12-21T17:08:25+00:00\" \/>\n<meta property=\"article:modified_time\" content=\"2017-02-20T17:13:34+00:00\" \/>\n<meta property=\"og:image\" content=\"https:\/\/www.ok-kirchenrecht.de\/wp-content\/uploads\/notiz-e1516119602357.jpg\" \/>\n\t<meta property=\"og:image:width\" content=\"250\" \/>\n\t<meta property=\"og:image:height\" content=\"373\" \/>\n\t<meta property=\"og:image:type\" content=\"image\/jpeg\" \/>\n<meta name=\"author\" content=\"Rechtsanwalt Robert Hotstegs\" \/>\n<meta name=\"twitter:card\" content=\"summary_large_image\" \/>\n<meta name=\"twitter:creator\" content=\"@hotstegs_recht\" \/>\n<meta name=\"twitter:site\" content=\"@hotstegs_recht\" \/>\n<meta name=\"twitter:label1\" content=\"Verfasst von\" \/>\n\t<meta name=\"twitter:data1\" content=\"Rechtsanwalt Robert Hotstegs\" \/>\n\t<meta name=\"twitter:label2\" content=\"Gesch\u00e4tzte Lesezeit\" \/>\n\t<meta name=\"twitter:data2\" content=\"1\u00a0Minute\" \/>\n<script type=\"application\/ld+json\" class=\"yoast-schema-graph\">{\"@context\":\"https:\/\/schema.org\",\"@graph\":[{\"@type\":\"Article\",\"@id\":\"https:\/\/www.ok-kirchenrecht.de\/schwerbehinderung-bei-pfarrern-nur-gottes-lohn-und-warme-worte-lto-de-v-21-12-2015\/#article\",\"isPartOf\":{\"@id\":\"https:\/\/www.ok-kirchenrecht.de\/schwerbehinderung-bei-pfarrern-nur-gottes-lohn-und-warme-worte-lto-de-v-21-12-2015\/\"},\"author\":{\"name\":\"Rechtsanwalt Robert Hotstegs\",\"@id\":\"https:\/\/www.ok-kirchenrecht.de\/#\/schema\/person\/862d15b1c5afa755c0992e7c63635296\"},\"headline\":\"Schwerbehinderung bei Pfarrern: Nur Gottes Lohn und warme Worte, lto.de v. 21.12.2015\",\"datePublished\":\"2015-12-21T17:08:25+00:00\",\"dateModified\":\"2017-02-20T17:13:34+00:00\",\"mainEntityOfPage\":{\"@id\":\"https:\/\/www.ok-kirchenrecht.de\/schwerbehinderung-bei-pfarrern-nur-gottes-lohn-und-warme-worte-lto-de-v-21-12-2015\/\"},\"wordCount\":241,\"publisher\":{\"@id\":\"https:\/\/www.ok-kirchenrecht.de\/#organization\"},\"image\":{\"@id\":\"https:\/\/www.ok-kirchenrecht.de\/schwerbehinderung-bei-pfarrern-nur-gottes-lohn-und-warme-worte-lto-de-v-21-12-2015\/#primaryimage\"},\"thumbnailUrl\":\"https:\/\/www.ok-kirchenrecht.de\/wp-content\/uploads\/notiz-e1516119602357.jpg\",\"articleSection\":{\"1\":\"Pfarrdienstrecht (PfDG.EKD)\"},\"inLanguage\":\"de\"},{\"@type\":\"WebPage\",\"@id\":\"https:\/\/www.ok-kirchenrecht.de\/schwerbehinderung-bei-pfarrern-nur-gottes-lohn-und-warme-worte-lto-de-v-21-12-2015\/\",\"url\":\"https:\/\/www.ok-kirchenrecht.de\/schwerbehinderung-bei-pfarrern-nur-gottes-lohn-und-warme-worte-lto-de-v-21-12-2015\/\",\"name\":\"Schwerbehinderung bei Pfarrern: Nur Gottes Lohn und warme Worte, lto.de v. 21.12.2015 &#187; Online-Kommentar Kirchenrecht\",\"isPartOf\":{\"@id\":\"https:\/\/www.ok-kirchenrecht.de\/#website\"},\"primaryImageOfPage\":{\"@id\":\"https:\/\/www.ok-kirchenrecht.de\/schwerbehinderung-bei-pfarrern-nur-gottes-lohn-und-warme-worte-lto-de-v-21-12-2015\/#primaryimage\"},\"image\":{\"@id\":\"https:\/\/www.ok-kirchenrecht.de\/schwerbehinderung-bei-pfarrern-nur-gottes-lohn-und-warme-worte-lto-de-v-21-12-2015\/#primaryimage\"},\"thumbnailUrl\":\"https:\/\/www.ok-kirchenrecht.de\/wp-content\/uploads\/notiz-e1516119602357.jpg\",\"datePublished\":\"2015-12-21T17:08:25+00:00\",\"dateModified\":\"2017-02-20T17:13:34+00:00\",\"breadcrumb\":{\"@id\":\"https:\/\/www.ok-kirchenrecht.de\/schwerbehinderung-bei-pfarrern-nur-gottes-lohn-und-warme-worte-lto-de-v-21-12-2015\/#breadcrumb\"},\"inLanguage\":\"de\",\"potentialAction\":[{\"@type\":\"ReadAction\",\"target\":[\"https:\/\/www.ok-kirchenrecht.de\/schwerbehinderung-bei-pfarrern-nur-gottes-lohn-und-warme-worte-lto-de-v-21-12-2015\/\"]}]},{\"@type\":\"ImageObject\",\"inLanguage\":\"de\",\"@id\":\"https:\/\/www.ok-kirchenrecht.de\/schwerbehinderung-bei-pfarrern-nur-gottes-lohn-und-warme-worte-lto-de-v-21-12-2015\/#primaryimage\",\"url\":\"https:\/\/www.ok-kirchenrecht.de\/wp-content\/uploads\/notiz-e1516119602357.jpg\",\"contentUrl\":\"https:\/\/www.ok-kirchenrecht.de\/wp-content\/uploads\/notiz-e1516119602357.jpg\",\"width\":250,\"height\":373,\"caption\":\"Notiz (Symbolbild)\"},{\"@type\":\"BreadcrumbList\",\"@id\":\"https:\/\/www.ok-kirchenrecht.de\/schwerbehinderung-bei-pfarrern-nur-gottes-lohn-und-warme-worte-lto-de-v-21-12-2015\/#breadcrumb\",\"itemListElement\":[{\"@type\":\"ListItem\",\"position\":1,\"name\":\"Startseite\",\"item\":\"https:\/\/www.ok-kirchenrecht.de\/\"},{\"@type\":\"ListItem\",\"position\":2,\"name\":\"Schwerbehinderung bei Pfarrern: Nur Gottes Lohn und warme Worte, lto.de v. 21.12.2015\"}]},{\"@type\":\"WebSite\",\"@id\":\"https:\/\/www.ok-kirchenrecht.de\/#website\",\"url\":\"https:\/\/www.ok-kirchenrecht.de\/\",\"name\":\"Online-Kommentar Kirchenrecht\",\"description\":\"\",\"publisher\":{\"@id\":\"https:\/\/www.ok-kirchenrecht.de\/#organization\"},\"potentialAction\":[{\"@type\":\"SearchAction\",\"target\":{\"@type\":\"EntryPoint\",\"urlTemplate\":\"https:\/\/www.ok-kirchenrecht.de\/?s={search_term_string}\"},\"query-input\":{\"@type\":\"PropertyValueSpecification\",\"valueRequired\":true,\"valueName\":\"search_term_string\"}}],\"inLanguage\":\"de\"},{\"@type\":\"Organization\",\"@id\":\"https:\/\/www.ok-kirchenrecht.de\/#organization\",\"name\":\"Hotstegs Rechtsanwaltsgesellschaft\",\"url\":\"https:\/\/www.ok-kirchenrecht.de\/\",\"logo\":{\"@type\":\"ImageObject\",\"inLanguage\":\"de\",\"@id\":\"https:\/\/www.ok-kirchenrecht.de\/#\/schema\/logo\/image\/\",\"url\":\"http:\/\/www.ok-kirchenrecht.de\/wp-content\/uploads\/logo2013.jpg\",\"contentUrl\":\"http:\/\/www.ok-kirchenrecht.de\/wp-content\/uploads\/logo2013.jpg\",\"width\":914,\"height\":275,\"caption\":\"Hotstegs Rechtsanwaltsgesellschaft\"},\"image\":{\"@id\":\"https:\/\/www.ok-kirchenrecht.de\/#\/schema\/logo\/image\/\"},\"sameAs\":[\"https:\/\/www.facebook.com\/hotstegs.recht\",\"https:\/\/x.com\/hotstegs_recht\",\"https:\/\/www.instagram.com\/hotstegs.recht\",\"https:\/\/de.linkedin.com\/company\/hotstegs-recht\"]},{\"@type\":\"Person\",\"@id\":\"https:\/\/www.ok-kirchenrecht.de\/#\/schema\/person\/862d15b1c5afa755c0992e7c63635296\",\"name\":\"Rechtsanwalt Robert Hotstegs\",\"image\":{\"@type\":\"ImageObject\",\"inLanguage\":\"de\",\"@id\":\"https:\/\/www.ok-kirchenrecht.de\/#\/schema\/person\/image\/\",\"url\":\"https:\/\/secure.gravatar.com\/avatar\/7d923d735cd88c8f3b65c6506ab775c5eb23a82716d81ce74eb3951cb8430f5a?s=96&d=mm&r=g\",\"contentUrl\":\"https:\/\/secure.gravatar.com\/avatar\/7d923d735cd88c8f3b65c6506ab775c5eb23a82716d81ce74eb3951cb8430f5a?s=96&d=mm&r=g\",\"caption\":\"Rechtsanwalt Robert Hotstegs\"},\"description\":\"Rechtsanwalt Robert Hotstegs ist Mitglied der Ev. Kirche. Er ist Mediator und Fachanwalt f\u00fcr Verwaltungsrecht, u.a. auf das kirchliche Disziplinar- und Dienstrecht spezialisiert. Von 2009 bis 2021 war er stellvertretendes Mitglied der Synode der Ev. Kirche in Deutschland.\",\"sameAs\":[\"https:\/\/www.hotstegs-recht.de\"]}]}<\/script>\n<!-- \/ Yoast SEO plugin. -->","yoast_head_json":{"title":"Schwerbehinderung bei Pfarrern: Nur Gottes Lohn und warme Worte, lto.de v. 21.12.2015 &#187; Online-Kommentar Kirchenrecht","robots":{"index":"index","follow":"follow","max-snippet":"max-snippet:-1","max-image-preview":"max-image-preview:large","max-video-preview":"max-video-preview:-1"},"canonical":"https:\/\/www.ok-kirchenrecht.de\/schwerbehinderung-bei-pfarrern-nur-gottes-lohn-und-warme-worte-lto-de-v-21-12-2015\/","og_locale":"de_DE","og_type":"article","og_title":"Schwerbehinderung bei Pfarrern: Nur Gottes Lohn und warme Worte, lto.de v. 21.12.2015 &#187; Online-Kommentar Kirchenrecht","og_description":"Wird ein Pfarrer im Laufe seines Berufslebens behindert, tut er gut daran, einen Grad von 50 Prozent zu erreichen. Darunter ist er von den Regelungen zum Arbeitsschutz f\u00fcr Behinderte nicht erfasst. Ein Geistlicher wehrt sich jetzt. F\u00fcr Pfarrer gibt es ganz eigene Verordnungen und besondere Regelungen. Manchmal ist das eine feine Sache, wie etwa spezielle","og_url":"https:\/\/www.ok-kirchenrecht.de\/schwerbehinderung-bei-pfarrern-nur-gottes-lohn-und-warme-worte-lto-de-v-21-12-2015\/","og_site_name":"Online-Kommentar Kirchenrecht","article_publisher":"https:\/\/www.facebook.com\/hotstegs.recht","article_published_time":"2015-12-21T17:08:25+00:00","article_modified_time":"2017-02-20T17:13:34+00:00","og_image":[{"width":250,"height":373,"url":"https:\/\/www.ok-kirchenrecht.de\/wp-content\/uploads\/notiz-e1516119602357.jpg","type":"image\/jpeg"}],"author":"Rechtsanwalt Robert Hotstegs","twitter_card":"summary_large_image","twitter_creator":"@hotstegs_recht","twitter_site":"@hotstegs_recht","twitter_misc":{"Verfasst von":"Rechtsanwalt Robert Hotstegs","Gesch\u00e4tzte Lesezeit":"1\u00a0Minute"},"schema":{"@context":"https:\/\/schema.org","@graph":[{"@type":"Article","@id":"https:\/\/www.ok-kirchenrecht.de\/schwerbehinderung-bei-pfarrern-nur-gottes-lohn-und-warme-worte-lto-de-v-21-12-2015\/#article","isPartOf":{"@id":"https:\/\/www.ok-kirchenrecht.de\/schwerbehinderung-bei-pfarrern-nur-gottes-lohn-und-warme-worte-lto-de-v-21-12-2015\/"},"author":{"name":"Rechtsanwalt Robert Hotstegs","@id":"https:\/\/www.ok-kirchenrecht.de\/#\/schema\/person\/862d15b1c5afa755c0992e7c63635296"},"headline":"Schwerbehinderung bei Pfarrern: Nur Gottes Lohn und warme Worte, lto.de v. 21.12.2015","datePublished":"2015-12-21T17:08:25+00:00","dateModified":"2017-02-20T17:13:34+00:00","mainEntityOfPage":{"@id":"https:\/\/www.ok-kirchenrecht.de\/schwerbehinderung-bei-pfarrern-nur-gottes-lohn-und-warme-worte-lto-de-v-21-12-2015\/"},"wordCount":241,"publisher":{"@id":"https:\/\/www.ok-kirchenrecht.de\/#organization"},"image":{"@id":"https:\/\/www.ok-kirchenrecht.de\/schwerbehinderung-bei-pfarrern-nur-gottes-lohn-und-warme-worte-lto-de-v-21-12-2015\/#primaryimage"},"thumbnailUrl":"https:\/\/www.ok-kirchenrecht.de\/wp-content\/uploads\/notiz-e1516119602357.jpg","articleSection":{"1":"Pfarrdienstrecht (PfDG.EKD)"},"inLanguage":"de"},{"@type":"WebPage","@id":"https:\/\/www.ok-kirchenrecht.de\/schwerbehinderung-bei-pfarrern-nur-gottes-lohn-und-warme-worte-lto-de-v-21-12-2015\/","url":"https:\/\/www.ok-kirchenrecht.de\/schwerbehinderung-bei-pfarrern-nur-gottes-lohn-und-warme-worte-lto-de-v-21-12-2015\/","name":"Schwerbehinderung bei Pfarrern: Nur Gottes Lohn und warme Worte, lto.de v. 21.12.2015 &#187; Online-Kommentar Kirchenrecht","isPartOf":{"@id":"https:\/\/www.ok-kirchenrecht.de\/#website"},"primaryImageOfPage":{"@id":"https:\/\/www.ok-kirchenrecht.de\/schwerbehinderung-bei-pfarrern-nur-gottes-lohn-und-warme-worte-lto-de-v-21-12-2015\/#primaryimage"},"image":{"@id":"https:\/\/www.ok-kirchenrecht.de\/schwerbehinderung-bei-pfarrern-nur-gottes-lohn-und-warme-worte-lto-de-v-21-12-2015\/#primaryimage"},"thumbnailUrl":"https:\/\/www.ok-kirchenrecht.de\/wp-content\/uploads\/notiz-e1516119602357.jpg","datePublished":"2015-12-21T17:08:25+00:00","dateModified":"2017-02-20T17:13:34+00:00","breadcrumb":{"@id":"https:\/\/www.ok-kirchenrecht.de\/schwerbehinderung-bei-pfarrern-nur-gottes-lohn-und-warme-worte-lto-de-v-21-12-2015\/#breadcrumb"},"inLanguage":"de","potentialAction":[{"@type":"ReadAction","target":["https:\/\/www.ok-kirchenrecht.de\/schwerbehinderung-bei-pfarrern-nur-gottes-lohn-und-warme-worte-lto-de-v-21-12-2015\/"]}]},{"@type":"ImageObject","inLanguage":"de","@id":"https:\/\/www.ok-kirchenrecht.de\/schwerbehinderung-bei-pfarrern-nur-gottes-lohn-und-warme-worte-lto-de-v-21-12-2015\/#primaryimage","url":"https:\/\/www.ok-kirchenrecht.de\/wp-content\/uploads\/notiz-e1516119602357.jpg","contentUrl":"https:\/\/www.ok-kirchenrecht.de\/wp-content\/uploads\/notiz-e1516119602357.jpg","width":250,"height":373,"caption":"Notiz (Symbolbild)"},{"@type":"BreadcrumbList","@id":"https:\/\/www.ok-kirchenrecht.de\/schwerbehinderung-bei-pfarrern-nur-gottes-lohn-und-warme-worte-lto-de-v-21-12-2015\/#breadcrumb","itemListElement":[{"@type":"ListItem","position":1,"name":"Startseite","item":"https:\/\/www.ok-kirchenrecht.de\/"},{"@type":"ListItem","position":2,"name":"Schwerbehinderung bei Pfarrern: Nur Gottes Lohn und warme Worte, lto.de v. 21.12.2015"}]},{"@type":"WebSite","@id":"https:\/\/www.ok-kirchenrecht.de\/#website","url":"https:\/\/www.ok-kirchenrecht.de\/","name":"Online-Kommentar Kirchenrecht","description":"","publisher":{"@id":"https:\/\/www.ok-kirchenrecht.de\/#organization"},"potentialAction":[{"@type":"SearchAction","target":{"@type":"EntryPoint","urlTemplate":"https:\/\/www.ok-kirchenrecht.de\/?s={search_term_string}"},"query-input":{"@type":"PropertyValueSpecification","valueRequired":true,"valueName":"search_term_string"}}],"inLanguage":"de"},{"@type":"Organization","@id":"https:\/\/www.ok-kirchenrecht.de\/#organization","name":"Hotstegs Rechtsanwaltsgesellschaft","url":"https:\/\/www.ok-kirchenrecht.de\/","logo":{"@type":"ImageObject","inLanguage":"de","@id":"https:\/\/www.ok-kirchenrecht.de\/#\/schema\/logo\/image\/","url":"http:\/\/www.ok-kirchenrecht.de\/wp-content\/uploads\/logo2013.jpg","contentUrl":"http:\/\/www.ok-kirchenrecht.de\/wp-content\/uploads\/logo2013.jpg","width":914,"height":275,"caption":"Hotstegs Rechtsanwaltsgesellschaft"},"image":{"@id":"https:\/\/www.ok-kirchenrecht.de\/#\/schema\/logo\/image\/"},"sameAs":["https:\/\/www.facebook.com\/hotstegs.recht","https:\/\/x.com\/hotstegs_recht","https:\/\/www.instagram.com\/hotstegs.recht","https:\/\/de.linkedin.com\/company\/hotstegs-recht"]},{"@type":"Person","@id":"https:\/\/www.ok-kirchenrecht.de\/#\/schema\/person\/862d15b1c5afa755c0992e7c63635296","name":"Rechtsanwalt Robert Hotstegs","image":{"@type":"ImageObject","inLanguage":"de","@id":"https:\/\/www.ok-kirchenrecht.de\/#\/schema\/person\/image\/","url":"https:\/\/secure.gravatar.com\/avatar\/7d923d735cd88c8f3b65c6506ab775c5eb23a82716d81ce74eb3951cb8430f5a?s=96&d=mm&r=g","contentUrl":"https:\/\/secure.gravatar.com\/avatar\/7d923d735cd88c8f3b65c6506ab775c5eb23a82716d81ce74eb3951cb8430f5a?s=96&d=mm&r=g","caption":"Rechtsanwalt Robert Hotstegs"},"description":"Rechtsanwalt Robert Hotstegs ist Mitglied der Ev. Kirche. Er ist Mediator und Fachanwalt f\u00fcr Verwaltungsrecht, u.a. auf das kirchliche Disziplinar- und Dienstrecht spezialisiert. Von 2009 bis 2021 war er stellvertretendes Mitglied der Synode der Ev. Kirche in Deutschland.","sameAs":["https:\/\/www.hotstegs-recht.de"]}]}},"_links":{"self":[{"href":"https:\/\/www.ok-kirchenrecht.de\/wp-json\/wp\/v2\/posts\/236","targetHints":{"allow":["GET"]}}],"collection":[{"href":"https:\/\/www.ok-kirchenrecht.de\/wp-json\/wp\/v2\/posts"}],"about":[{"href":"https:\/\/www.ok-kirchenrecht.de\/wp-json\/wp\/v2\/types\/post"}],"author":[{"embeddable":true,"href":"https:\/\/www.ok-kirchenrecht.de\/wp-json\/wp\/v2\/users\/1"}],"replies":[{"embeddable":true,"href":"https:\/\/www.ok-kirchenrecht.de\/wp-json\/wp\/v2\/comments?post=236"}],"version-history":[{"count":1,"href":"https:\/\/www.ok-kirchenrecht.de\/wp-json\/wp\/v2\/posts\/236\/revisions"}],"predecessor-version":[{"id":237,"href":"https:\/\/www.ok-kirchenrecht.de\/wp-json\/wp\/v2\/posts\/236\/revisions\/237"}],"wp:featuredmedia":[{"embeddable":true,"href":"https:\/\/www.ok-kirchenrecht.de\/wp-json\/wp\/v2\/media\/142"}],"wp:attachment":[{"href":"https:\/\/www.ok-kirchenrecht.de\/wp-json\/wp\/v2\/media?parent=236"}],"wp:term":[{"taxonomy":"category","embeddable":true,"href":"https:\/\/www.ok-kirchenrecht.de\/wp-json\/wp\/v2\/categories?post=236"},{"taxonomy":"post_tag","embeddable":true,"href":"https:\/\/www.ok-kirchenrecht.de\/wp-json\/wp\/v2\/tags?post=236"}],"curies":[{"name":"wp","href":"https:\/\/api.w.org\/{rel}","templated":true}]}}