{"id":233,"date":"2017-02-20T18:01:11","date_gmt":"2017-02-20T16:01:11","guid":{"rendered":"http:\/\/www.ok-kirchenrecht.de\/?p=233"},"modified":"2017-02-20T19:14:28","modified_gmt":"2017-02-20T17:14:28","slug":"sg-chemnitz-zum-sozialrecht-bei-kirchen-pfar%c2%adrerin-nicht-behin%c2%addert-genug-lto-de-v-20-02-2016","status":"publish","type":"post","link":"https:\/\/www.ok-kirchenrecht.de\/sg-chemnitz-zum-sozialrecht-bei-kirchen-pfar%c2%adrerin-nicht-behin%c2%addert-genug-lto-de-v-20-02-2016\/","title":{"rendered":"SG Chemnitz zum Sozialrecht bei Kirchen: Pfar\u00adrerin nicht behin\u00addert genug, lto.de v. 20.02.2016"},"content":{"rendered":"<p><strong>Bei einer Behinderung von nur 30 Prozent gilt f\u00fcr Geistliche einer \u00f6ffentlich-rechtlichen Religionsgemeinschaft kein Sozialrecht. Die besonderen Schutzma\u00dfnahmen f\u00fcr Behinderte stehen den Pfarrern damit nicht zu. <\/strong><\/p>\n<p>Pfarrer mit einem Behinderungsgrad von 30 Prozent haben keinen Anspruch auf Gleichstellung mit behinderten Menschen nach \u00a7 2 Abs.3 Sozialgesetzbuch (SGB) IX. Das hat das Sozialgericht (SG) Chemnitz entschieden (Gerichtsbescheid. v. 26.01.2017, Az. <a href=\"https:\/\/dejure.org\/dienste\/vernetzung\/rechtsprechung?Text=S%2028%20AL%20757\/15\" title=\"SG Chemnitz, 26.01.2017 - S 28 AL 757\/15: Sozialrecht bei Kirchen: Pfarrerin nicht behindert ge...\">S 28 AL 757\/15<\/a>).<\/p>\n<p>Gegen den Gerichtsbescheid hat die Kl\u00e4gerin Berufung zum S\u00e4chsischen Landessozialgericht eingelegt. Ihr Anwalt, Robert Hotstegs, geht weiterhin davon aus, &#8222;dass Pfarrer wegen der Aus\u00fcbung ihrer Religion als Beruf &#8211; nur deswegen und ohne sachlichen Grund &#8211; diskriminiert werden.&#8220;<\/p>\n<p><a href=\"http:\/\/www.lto.de\/recht\/nachrichten\/n\/sg-chemnitz-s28al75715-kein-sozialrecht-pfarrer-behinderung-dreissig-prozent\/\" target=\"_blank\">direkt zum LTO-Artikel <\/a><\/p>\n","protected":false},"excerpt":{"rendered":"<p>Bei einer Behinderung von nur 30 Prozent gilt f\u00fcr Geistliche einer \u00f6ffentlich-rechtlichen Religionsgemeinschaft kein Sozialrecht. Die besonderen Schutzma\u00dfnahmen f\u00fcr Behinderte stehen den Pfarrern damit nicht zu. Pfarrer mit einem Behinderungsgrad von 30 Prozent haben keinen Anspruch auf Gleichstellung mit behinderten Menschen nach \u00a7 2 Abs.3 Sozialgesetzbuch (SGB) IX. Das hat das Sozialgericht (SG) Chemnitz entschieden<\/p>\n","protected":false},"author":1,"featured_media":142,"comment_status":"closed","ping_status":"open","sticky":false,"template":"","format":"standard","meta":{"footnotes":""},"categories":[1,7],"tags":[],"class_list":["post-233","post","type-post","status-publish","format-standard","has-post-thumbnail","hentry","category-allgemein","category-pfarrdienstrecht"],"yoast_head":"<!-- This site is optimized with the Yoast SEO plugin v26.6 - https:\/\/yoast.com\/wordpress\/plugins\/seo\/ -->\n<title>SG Chemnitz zum Sozialrecht bei Kirchen: Pfar\u00adrerin nicht behin\u00addert genug, lto.de v. 20.02.2016 &#187; Online-Kommentar Kirchenrecht<\/title>\n<meta name=\"robots\" content=\"index, follow, max-snippet:-1, max-image-preview:large, max-video-preview:-1\" \/>\n<link rel=\"canonical\" href=\"https:\/\/www.ok-kirchenrecht.de\/sg-chemnitz-zum-sozialrecht-bei-kirchen-pfar\u00adrerin-nicht-behin\u00addert-genug-lto-de-v-20-02-2016\/\" \/>\n<meta property=\"og:locale\" content=\"de_DE\" \/>\n<meta property=\"og:type\" content=\"article\" \/>\n<meta property=\"og:title\" content=\"SG Chemnitz zum Sozialrecht bei Kirchen: Pfar\u00adrerin nicht behin\u00addert genug, lto.de v. 20.02.2016 &#187; Online-Kommentar Kirchenrecht\" \/>\n<meta property=\"og:description\" content=\"Bei einer Behinderung von nur 30 Prozent gilt f\u00fcr Geistliche einer \u00f6ffentlich-rechtlichen Religionsgemeinschaft kein Sozialrecht. Die besonderen Schutzma\u00dfnahmen f\u00fcr Behinderte stehen den Pfarrern damit nicht zu. Pfarrer mit einem Behinderungsgrad von 30 Prozent haben keinen Anspruch auf Gleichstellung mit behinderten Menschen nach \u00a7 2 Abs.3 Sozialgesetzbuch (SGB) IX. Das hat das Sozialgericht (SG) Chemnitz entschieden\" \/>\n<meta property=\"og:url\" content=\"https:\/\/www.ok-kirchenrecht.de\/sg-chemnitz-zum-sozialrecht-bei-kirchen-pfar\u00adrerin-nicht-behin\u00addert-genug-lto-de-v-20-02-2016\/\" \/>\n<meta property=\"og:site_name\" content=\"Online-Kommentar Kirchenrecht\" \/>\n<meta property=\"article:publisher\" content=\"https:\/\/www.facebook.com\/hotstegs.recht\" \/>\n<meta property=\"article:published_time\" content=\"2017-02-20T16:01:11+00:00\" \/>\n<meta property=\"article:modified_time\" content=\"2017-02-20T17:14:28+00:00\" \/>\n<meta property=\"og:image\" content=\"https:\/\/www.ok-kirchenrecht.de\/wp-content\/uploads\/notiz-e1516119602357.jpg\" \/>\n\t<meta property=\"og:image:width\" content=\"250\" \/>\n\t<meta property=\"og:image:height\" content=\"373\" \/>\n\t<meta property=\"og:image:type\" content=\"image\/jpeg\" \/>\n<meta name=\"author\" content=\"Rechtsanwalt Robert Hotstegs\" \/>\n<meta name=\"twitter:card\" content=\"summary_large_image\" \/>\n<meta name=\"twitter:creator\" content=\"@hotstegs_recht\" \/>\n<meta name=\"twitter:site\" content=\"@hotstegs_recht\" \/>\n<meta name=\"twitter:label1\" content=\"Verfasst von\" \/>\n\t<meta name=\"twitter:data1\" content=\"Rechtsanwalt Robert Hotstegs\" \/>\n\t<meta name=\"twitter:label2\" content=\"Gesch\u00e4tzte Lesezeit\" \/>\n\t<meta name=\"twitter:data2\" content=\"1\u00a0Minute\" \/>\n<script type=\"application\/ld+json\" class=\"yoast-schema-graph\">{\"@context\":\"https:\/\/schema.org\",\"@graph\":[{\"@type\":\"Article\",\"@id\":\"https:\/\/www.ok-kirchenrecht.de\/sg-chemnitz-zum-sozialrecht-bei-kirchen-pfar%c2%adrerin-nicht-behin%c2%addert-genug-lto-de-v-20-02-2016\/#article\",\"isPartOf\":{\"@id\":\"https:\/\/www.ok-kirchenrecht.de\/sg-chemnitz-zum-sozialrecht-bei-kirchen-pfar%c2%adrerin-nicht-behin%c2%addert-genug-lto-de-v-20-02-2016\/\"},\"author\":{\"name\":\"Rechtsanwalt Robert Hotstegs\",\"@id\":\"https:\/\/www.ok-kirchenrecht.de\/#\/schema\/person\/862d15b1c5afa755c0992e7c63635296\"},\"headline\":\"SG Chemnitz zum Sozialrecht bei Kirchen: Pfar\u00adrerin nicht behin\u00addert genug, lto.de v. 20.02.2016\",\"datePublished\":\"2017-02-20T16:01:11+00:00\",\"dateModified\":\"2017-02-20T17:14:28+00:00\",\"mainEntityOfPage\":{\"@id\":\"https:\/\/www.ok-kirchenrecht.de\/sg-chemnitz-zum-sozialrecht-bei-kirchen-pfar%c2%adrerin-nicht-behin%c2%addert-genug-lto-de-v-20-02-2016\/\"},\"wordCount\":118,\"publisher\":{\"@id\":\"https:\/\/www.ok-kirchenrecht.de\/#organization\"},\"image\":{\"@id\":\"https:\/\/www.ok-kirchenrecht.de\/sg-chemnitz-zum-sozialrecht-bei-kirchen-pfar%c2%adrerin-nicht-behin%c2%addert-genug-lto-de-v-20-02-2016\/#primaryimage\"},\"thumbnailUrl\":\"https:\/\/www.ok-kirchenrecht.de\/wp-content\/uploads\/notiz-e1516119602357.jpg\",\"articleSection\":{\"1\":\"Pfarrdienstrecht (PfDG.EKD)\"},\"inLanguage\":\"de\"},{\"@type\":\"WebPage\",\"@id\":\"https:\/\/www.ok-kirchenrecht.de\/sg-chemnitz-zum-sozialrecht-bei-kirchen-pfar%c2%adrerin-nicht-behin%c2%addert-genug-lto-de-v-20-02-2016\/\",\"url\":\"https:\/\/www.ok-kirchenrecht.de\/sg-chemnitz-zum-sozialrecht-bei-kirchen-pfar%c2%adrerin-nicht-behin%c2%addert-genug-lto-de-v-20-02-2016\/\",\"name\":\"SG Chemnitz zum Sozialrecht bei Kirchen: Pfar\u00adrerin nicht behin\u00addert genug, lto.de v. 20.02.2016 &#187; Online-Kommentar Kirchenrecht\",\"isPartOf\":{\"@id\":\"https:\/\/www.ok-kirchenrecht.de\/#website\"},\"primaryImageOfPage\":{\"@id\":\"https:\/\/www.ok-kirchenrecht.de\/sg-chemnitz-zum-sozialrecht-bei-kirchen-pfar%c2%adrerin-nicht-behin%c2%addert-genug-lto-de-v-20-02-2016\/#primaryimage\"},\"image\":{\"@id\":\"https:\/\/www.ok-kirchenrecht.de\/sg-chemnitz-zum-sozialrecht-bei-kirchen-pfar%c2%adrerin-nicht-behin%c2%addert-genug-lto-de-v-20-02-2016\/#primaryimage\"},\"thumbnailUrl\":\"https:\/\/www.ok-kirchenrecht.de\/wp-content\/uploads\/notiz-e1516119602357.jpg\",\"datePublished\":\"2017-02-20T16:01:11+00:00\",\"dateModified\":\"2017-02-20T17:14:28+00:00\",\"breadcrumb\":{\"@id\":\"https:\/\/www.ok-kirchenrecht.de\/sg-chemnitz-zum-sozialrecht-bei-kirchen-pfar%c2%adrerin-nicht-behin%c2%addert-genug-lto-de-v-20-02-2016\/#breadcrumb\"},\"inLanguage\":\"de\",\"potentialAction\":[{\"@type\":\"ReadAction\",\"target\":[\"https:\/\/www.ok-kirchenrecht.de\/sg-chemnitz-zum-sozialrecht-bei-kirchen-pfar%c2%adrerin-nicht-behin%c2%addert-genug-lto-de-v-20-02-2016\/\"]}]},{\"@type\":\"ImageObject\",\"inLanguage\":\"de\",\"@id\":\"https:\/\/www.ok-kirchenrecht.de\/sg-chemnitz-zum-sozialrecht-bei-kirchen-pfar%c2%adrerin-nicht-behin%c2%addert-genug-lto-de-v-20-02-2016\/#primaryimage\",\"url\":\"https:\/\/www.ok-kirchenrecht.de\/wp-content\/uploads\/notiz-e1516119602357.jpg\",\"contentUrl\":\"https:\/\/www.ok-kirchenrecht.de\/wp-content\/uploads\/notiz-e1516119602357.jpg\",\"width\":250,\"height\":373,\"caption\":\"Notiz (Symbolbild)\"},{\"@type\":\"BreadcrumbList\",\"@id\":\"https:\/\/www.ok-kirchenrecht.de\/sg-chemnitz-zum-sozialrecht-bei-kirchen-pfar%c2%adrerin-nicht-behin%c2%addert-genug-lto-de-v-20-02-2016\/#breadcrumb\",\"itemListElement\":[{\"@type\":\"ListItem\",\"position\":1,\"name\":\"Startseite\",\"item\":\"https:\/\/www.ok-kirchenrecht.de\/\"},{\"@type\":\"ListItem\",\"position\":2,\"name\":\"SG Chemnitz zum Sozialrecht bei Kirchen: Pfar\u00adrerin nicht behin\u00addert genug, lto.de v. 20.02.2016\"}]},{\"@type\":\"WebSite\",\"@id\":\"https:\/\/www.ok-kirchenrecht.de\/#website\",\"url\":\"https:\/\/www.ok-kirchenrecht.de\/\",\"name\":\"Online-Kommentar Kirchenrecht\",\"description\":\"\",\"publisher\":{\"@id\":\"https:\/\/www.ok-kirchenrecht.de\/#organization\"},\"potentialAction\":[{\"@type\":\"SearchAction\",\"target\":{\"@type\":\"EntryPoint\",\"urlTemplate\":\"https:\/\/www.ok-kirchenrecht.de\/?s={search_term_string}\"},\"query-input\":{\"@type\":\"PropertyValueSpecification\",\"valueRequired\":true,\"valueName\":\"search_term_string\"}}],\"inLanguage\":\"de\"},{\"@type\":\"Organization\",\"@id\":\"https:\/\/www.ok-kirchenrecht.de\/#organization\",\"name\":\"Hotstegs Rechtsanwaltsgesellschaft\",\"url\":\"https:\/\/www.ok-kirchenrecht.de\/\",\"logo\":{\"@type\":\"ImageObject\",\"inLanguage\":\"de\",\"@id\":\"https:\/\/www.ok-kirchenrecht.de\/#\/schema\/logo\/image\/\",\"url\":\"http:\/\/www.ok-kirchenrecht.de\/wp-content\/uploads\/logo2013.jpg\",\"contentUrl\":\"http:\/\/www.ok-kirchenrecht.de\/wp-content\/uploads\/logo2013.jpg\",\"width\":914,\"height\":275,\"caption\":\"Hotstegs Rechtsanwaltsgesellschaft\"},\"image\":{\"@id\":\"https:\/\/www.ok-kirchenrecht.de\/#\/schema\/logo\/image\/\"},\"sameAs\":[\"https:\/\/www.facebook.com\/hotstegs.recht\",\"https:\/\/x.com\/hotstegs_recht\",\"https:\/\/www.instagram.com\/hotstegs.recht\",\"https:\/\/de.linkedin.com\/company\/hotstegs-recht\"]},{\"@type\":\"Person\",\"@id\":\"https:\/\/www.ok-kirchenrecht.de\/#\/schema\/person\/862d15b1c5afa755c0992e7c63635296\",\"name\":\"Rechtsanwalt Robert Hotstegs\",\"image\":{\"@type\":\"ImageObject\",\"inLanguage\":\"de\",\"@id\":\"https:\/\/www.ok-kirchenrecht.de\/#\/schema\/person\/image\/\",\"url\":\"https:\/\/secure.gravatar.com\/avatar\/7d923d735cd88c8f3b65c6506ab775c5eb23a82716d81ce74eb3951cb8430f5a?s=96&d=mm&r=g\",\"contentUrl\":\"https:\/\/secure.gravatar.com\/avatar\/7d923d735cd88c8f3b65c6506ab775c5eb23a82716d81ce74eb3951cb8430f5a?s=96&d=mm&r=g\",\"caption\":\"Rechtsanwalt Robert Hotstegs\"},\"description\":\"Rechtsanwalt Robert Hotstegs ist Mitglied der Ev. Kirche. Er ist Mediator und Fachanwalt f\u00fcr Verwaltungsrecht, u.a. auf das kirchliche Disziplinar- und Dienstrecht spezialisiert. Von 2009 bis 2021 war er stellvertretendes Mitglied der Synode der Ev. Kirche in Deutschland.\",\"sameAs\":[\"https:\/\/www.hotstegs-recht.de\"]}]}<\/script>\n<!-- \/ Yoast SEO plugin. -->","yoast_head_json":{"title":"SG Chemnitz zum Sozialrecht bei Kirchen: Pfar\u00adrerin nicht behin\u00addert genug, lto.de v. 20.02.2016 &#187; Online-Kommentar Kirchenrecht","robots":{"index":"index","follow":"follow","max-snippet":"max-snippet:-1","max-image-preview":"max-image-preview:large","max-video-preview":"max-video-preview:-1"},"canonical":"https:\/\/www.ok-kirchenrecht.de\/sg-chemnitz-zum-sozialrecht-bei-kirchen-pfar\u00adrerin-nicht-behin\u00addert-genug-lto-de-v-20-02-2016\/","og_locale":"de_DE","og_type":"article","og_title":"SG Chemnitz zum Sozialrecht bei Kirchen: Pfar\u00adrerin nicht behin\u00addert genug, lto.de v. 20.02.2016 &#187; Online-Kommentar Kirchenrecht","og_description":"Bei einer Behinderung von nur 30 Prozent gilt f\u00fcr Geistliche einer \u00f6ffentlich-rechtlichen Religionsgemeinschaft kein Sozialrecht. Die besonderen Schutzma\u00dfnahmen f\u00fcr Behinderte stehen den Pfarrern damit nicht zu. Pfarrer mit einem Behinderungsgrad von 30 Prozent haben keinen Anspruch auf Gleichstellung mit behinderten Menschen nach \u00a7 2 Abs.3 Sozialgesetzbuch (SGB) IX. Das hat das Sozialgericht (SG) Chemnitz entschieden","og_url":"https:\/\/www.ok-kirchenrecht.de\/sg-chemnitz-zum-sozialrecht-bei-kirchen-pfar\u00adrerin-nicht-behin\u00addert-genug-lto-de-v-20-02-2016\/","og_site_name":"Online-Kommentar Kirchenrecht","article_publisher":"https:\/\/www.facebook.com\/hotstegs.recht","article_published_time":"2017-02-20T16:01:11+00:00","article_modified_time":"2017-02-20T17:14:28+00:00","og_image":[{"width":250,"height":373,"url":"https:\/\/www.ok-kirchenrecht.de\/wp-content\/uploads\/notiz-e1516119602357.jpg","type":"image\/jpeg"}],"author":"Rechtsanwalt Robert Hotstegs","twitter_card":"summary_large_image","twitter_creator":"@hotstegs_recht","twitter_site":"@hotstegs_recht","twitter_misc":{"Verfasst von":"Rechtsanwalt Robert Hotstegs","Gesch\u00e4tzte Lesezeit":"1\u00a0Minute"},"schema":{"@context":"https:\/\/schema.org","@graph":[{"@type":"Article","@id":"https:\/\/www.ok-kirchenrecht.de\/sg-chemnitz-zum-sozialrecht-bei-kirchen-pfar%c2%adrerin-nicht-behin%c2%addert-genug-lto-de-v-20-02-2016\/#article","isPartOf":{"@id":"https:\/\/www.ok-kirchenrecht.de\/sg-chemnitz-zum-sozialrecht-bei-kirchen-pfar%c2%adrerin-nicht-behin%c2%addert-genug-lto-de-v-20-02-2016\/"},"author":{"name":"Rechtsanwalt Robert Hotstegs","@id":"https:\/\/www.ok-kirchenrecht.de\/#\/schema\/person\/862d15b1c5afa755c0992e7c63635296"},"headline":"SG Chemnitz zum Sozialrecht bei Kirchen: Pfar\u00adrerin nicht behin\u00addert genug, lto.de v. 20.02.2016","datePublished":"2017-02-20T16:01:11+00:00","dateModified":"2017-02-20T17:14:28+00:00","mainEntityOfPage":{"@id":"https:\/\/www.ok-kirchenrecht.de\/sg-chemnitz-zum-sozialrecht-bei-kirchen-pfar%c2%adrerin-nicht-behin%c2%addert-genug-lto-de-v-20-02-2016\/"},"wordCount":118,"publisher":{"@id":"https:\/\/www.ok-kirchenrecht.de\/#organization"},"image":{"@id":"https:\/\/www.ok-kirchenrecht.de\/sg-chemnitz-zum-sozialrecht-bei-kirchen-pfar%c2%adrerin-nicht-behin%c2%addert-genug-lto-de-v-20-02-2016\/#primaryimage"},"thumbnailUrl":"https:\/\/www.ok-kirchenrecht.de\/wp-content\/uploads\/notiz-e1516119602357.jpg","articleSection":{"1":"Pfarrdienstrecht (PfDG.EKD)"},"inLanguage":"de"},{"@type":"WebPage","@id":"https:\/\/www.ok-kirchenrecht.de\/sg-chemnitz-zum-sozialrecht-bei-kirchen-pfar%c2%adrerin-nicht-behin%c2%addert-genug-lto-de-v-20-02-2016\/","url":"https:\/\/www.ok-kirchenrecht.de\/sg-chemnitz-zum-sozialrecht-bei-kirchen-pfar%c2%adrerin-nicht-behin%c2%addert-genug-lto-de-v-20-02-2016\/","name":"SG Chemnitz zum Sozialrecht bei Kirchen: Pfar\u00adrerin nicht behin\u00addert genug, lto.de v. 20.02.2016 &#187; Online-Kommentar Kirchenrecht","isPartOf":{"@id":"https:\/\/www.ok-kirchenrecht.de\/#website"},"primaryImageOfPage":{"@id":"https:\/\/www.ok-kirchenrecht.de\/sg-chemnitz-zum-sozialrecht-bei-kirchen-pfar%c2%adrerin-nicht-behin%c2%addert-genug-lto-de-v-20-02-2016\/#primaryimage"},"image":{"@id":"https:\/\/www.ok-kirchenrecht.de\/sg-chemnitz-zum-sozialrecht-bei-kirchen-pfar%c2%adrerin-nicht-behin%c2%addert-genug-lto-de-v-20-02-2016\/#primaryimage"},"thumbnailUrl":"https:\/\/www.ok-kirchenrecht.de\/wp-content\/uploads\/notiz-e1516119602357.jpg","datePublished":"2017-02-20T16:01:11+00:00","dateModified":"2017-02-20T17:14:28+00:00","breadcrumb":{"@id":"https:\/\/www.ok-kirchenrecht.de\/sg-chemnitz-zum-sozialrecht-bei-kirchen-pfar%c2%adrerin-nicht-behin%c2%addert-genug-lto-de-v-20-02-2016\/#breadcrumb"},"inLanguage":"de","potentialAction":[{"@type":"ReadAction","target":["https:\/\/www.ok-kirchenrecht.de\/sg-chemnitz-zum-sozialrecht-bei-kirchen-pfar%c2%adrerin-nicht-behin%c2%addert-genug-lto-de-v-20-02-2016\/"]}]},{"@type":"ImageObject","inLanguage":"de","@id":"https:\/\/www.ok-kirchenrecht.de\/sg-chemnitz-zum-sozialrecht-bei-kirchen-pfar%c2%adrerin-nicht-behin%c2%addert-genug-lto-de-v-20-02-2016\/#primaryimage","url":"https:\/\/www.ok-kirchenrecht.de\/wp-content\/uploads\/notiz-e1516119602357.jpg","contentUrl":"https:\/\/www.ok-kirchenrecht.de\/wp-content\/uploads\/notiz-e1516119602357.jpg","width":250,"height":373,"caption":"Notiz (Symbolbild)"},{"@type":"BreadcrumbList","@id":"https:\/\/www.ok-kirchenrecht.de\/sg-chemnitz-zum-sozialrecht-bei-kirchen-pfar%c2%adrerin-nicht-behin%c2%addert-genug-lto-de-v-20-02-2016\/#breadcrumb","itemListElement":[{"@type":"ListItem","position":1,"name":"Startseite","item":"https:\/\/www.ok-kirchenrecht.de\/"},{"@type":"ListItem","position":2,"name":"SG Chemnitz zum Sozialrecht bei Kirchen: Pfar\u00adrerin nicht behin\u00addert genug, lto.de v. 20.02.2016"}]},{"@type":"WebSite","@id":"https:\/\/www.ok-kirchenrecht.de\/#website","url":"https:\/\/www.ok-kirchenrecht.de\/","name":"Online-Kommentar Kirchenrecht","description":"","publisher":{"@id":"https:\/\/www.ok-kirchenrecht.de\/#organization"},"potentialAction":[{"@type":"SearchAction","target":{"@type":"EntryPoint","urlTemplate":"https:\/\/www.ok-kirchenrecht.de\/?s={search_term_string}"},"query-input":{"@type":"PropertyValueSpecification","valueRequired":true,"valueName":"search_term_string"}}],"inLanguage":"de"},{"@type":"Organization","@id":"https:\/\/www.ok-kirchenrecht.de\/#organization","name":"Hotstegs Rechtsanwaltsgesellschaft","url":"https:\/\/www.ok-kirchenrecht.de\/","logo":{"@type":"ImageObject","inLanguage":"de","@id":"https:\/\/www.ok-kirchenrecht.de\/#\/schema\/logo\/image\/","url":"http:\/\/www.ok-kirchenrecht.de\/wp-content\/uploads\/logo2013.jpg","contentUrl":"http:\/\/www.ok-kirchenrecht.de\/wp-content\/uploads\/logo2013.jpg","width":914,"height":275,"caption":"Hotstegs Rechtsanwaltsgesellschaft"},"image":{"@id":"https:\/\/www.ok-kirchenrecht.de\/#\/schema\/logo\/image\/"},"sameAs":["https:\/\/www.facebook.com\/hotstegs.recht","https:\/\/x.com\/hotstegs_recht","https:\/\/www.instagram.com\/hotstegs.recht","https:\/\/de.linkedin.com\/company\/hotstegs-recht"]},{"@type":"Person","@id":"https:\/\/www.ok-kirchenrecht.de\/#\/schema\/person\/862d15b1c5afa755c0992e7c63635296","name":"Rechtsanwalt Robert Hotstegs","image":{"@type":"ImageObject","inLanguage":"de","@id":"https:\/\/www.ok-kirchenrecht.de\/#\/schema\/person\/image\/","url":"https:\/\/secure.gravatar.com\/avatar\/7d923d735cd88c8f3b65c6506ab775c5eb23a82716d81ce74eb3951cb8430f5a?s=96&d=mm&r=g","contentUrl":"https:\/\/secure.gravatar.com\/avatar\/7d923d735cd88c8f3b65c6506ab775c5eb23a82716d81ce74eb3951cb8430f5a?s=96&d=mm&r=g","caption":"Rechtsanwalt Robert Hotstegs"},"description":"Rechtsanwalt Robert Hotstegs ist Mitglied der Ev. Kirche. Er ist Mediator und Fachanwalt f\u00fcr Verwaltungsrecht, u.a. auf das kirchliche Disziplinar- und Dienstrecht spezialisiert. Von 2009 bis 2021 war er stellvertretendes Mitglied der Synode der Ev. Kirche in Deutschland.","sameAs":["https:\/\/www.hotstegs-recht.de"]}]}},"_links":{"self":[{"href":"https:\/\/www.ok-kirchenrecht.de\/wp-json\/wp\/v2\/posts\/233","targetHints":{"allow":["GET"]}}],"collection":[{"href":"https:\/\/www.ok-kirchenrecht.de\/wp-json\/wp\/v2\/posts"}],"about":[{"href":"https:\/\/www.ok-kirchenrecht.de\/wp-json\/wp\/v2\/types\/post"}],"author":[{"embeddable":true,"href":"https:\/\/www.ok-kirchenrecht.de\/wp-json\/wp\/v2\/users\/1"}],"replies":[{"embeddable":true,"href":"https:\/\/www.ok-kirchenrecht.de\/wp-json\/wp\/v2\/comments?post=233"}],"version-history":[{"count":3,"href":"https:\/\/www.ok-kirchenrecht.de\/wp-json\/wp\/v2\/posts\/233\/revisions"}],"predecessor-version":[{"id":238,"href":"https:\/\/www.ok-kirchenrecht.de\/wp-json\/wp\/v2\/posts\/233\/revisions\/238"}],"wp:featuredmedia":[{"embeddable":true,"href":"https:\/\/www.ok-kirchenrecht.de\/wp-json\/wp\/v2\/media\/142"}],"wp:attachment":[{"href":"https:\/\/www.ok-kirchenrecht.de\/wp-json\/wp\/v2\/media?parent=233"}],"wp:term":[{"taxonomy":"category","embeddable":true,"href":"https:\/\/www.ok-kirchenrecht.de\/wp-json\/wp\/v2\/categories?post=233"},{"taxonomy":"post_tag","embeddable":true,"href":"https:\/\/www.ok-kirchenrecht.de\/wp-json\/wp\/v2\/tags?post=233"}],"curies":[{"name":"wp","href":"https:\/\/api.w.org\/{rel}","templated":true}]}}