{"id":170,"date":"2012-09-18T13:31:36","date_gmt":"2012-09-18T11:31:36","guid":{"rendered":"http:\/\/www.ok-kirchenrecht.de\/?p=170"},"modified":"2015-10-07T11:02:25","modified_gmt":"2015-10-07T09:02:25","slug":"rechtsschutz-fuer-frueheren-pastor-gegen-seine-landeskirche-pressemitteilung-des-oberverwaltungsgerichts-nrw-vom-18-09-2012-az-5-a-194110","status":"publish","type":"post","link":"https:\/\/www.ok-kirchenrecht.de\/rechtsschutz-fuer-frueheren-pastor-gegen-seine-landeskirche-pressemitteilung-des-oberverwaltungsgerichts-nrw-vom-18-09-2012-az-5-a-194110\/","title":{"rendered":"Rechtsschutz f\u00fcr fr\u00fcheren Pastor gegen seine Landeskirche, Pressemitteilung des Oberverwaltungsgerichts NRW vom 18.09.2012, Az. 5 A 1941\/10"},"content":{"rendered":"<p>Durch Urteil vom heutigen Tag hat der 5. Senat des Oberverwaltungsgerichts NRW der Klage eines fr\u00fcheren evangelischen Pastors im Sonderdienst gegen die Beendigung seines Kirchenbeamtenverh\u00e4ltnisses auf Zeit bei der Evangelischen Kirche im Rheinland teilweise stattgegeben.<\/p>\n<p>Nach Studium, Vikariat und Hilfsdienstzeit hatte der Kl\u00e4ger bei der Beklagten als ordinierter Theologe keine Pfarrstelle gefunden. Die Beklagte hatte ihn deshalb zweimal f\u00fcr je f\u00fcnf Jahre als Pastor im Sonderdienst in ein \u00f6ffentlich-rechtliches Dienstverh\u00e4ltnis auf Zeit berufen, das jungen Theologen eine Alternative zur Arbeitslosigkeit bieten und ihre Chancen auf eine dauerhafte Pfarrstelle erhalten sollte. Eine weitere Verl\u00e4ngerung war nach dem einschl\u00e4gigen Kirchengesetz nicht m\u00f6glich. Der Kl\u00e4ger sah hierin eine Verletzung des rechtlich gebotenen sozialen Mindestschutzes.<\/p>\n<p>Seine Klagen vor den Kirchengerichten blieben ohne Erfolg. Das anschlie\u00dfend angerufene Verwaltungsgericht hat die Klage als unzul\u00e4ssig abgewiesen, weil der Rechtsweg zu den staatlichen Gerichten nicht er\u00f6ffnet sei. Dieser Auffassung ist der 5. Senat nicht gefolgt.<!--more--> Zur Begr\u00fcndung f\u00fchrte Pr\u00e4sident Dr. Bertrams bei der m\u00fcndlichen Urteilsverk\u00fcndung u.a. aus:<\/p>\n<p>Der Senat halte den Rechtsweg zu den staatlichen Verwaltungsgerichten entgegen h\u00f6chstrichterlicher Rechtsprechung auch bei Statusklagen kirchlicher Bediensteter f\u00fcr gegeben, soweit die Verletzung staatlichen Rechts ger\u00fcgt werde. Ma\u00dfnahmen von Religionsgesellschaften auf dem Gebiet des kirchlichen \u00f6ffentlichen Dienstrechts seien Akte \u00f6ffentlicher Gewalt, weil die mit dem K\u00f6rperschaftsstatus verbundene Dienstherrenf\u00e4higkeit der Religionsgesellschaften durch staatliche \u00dcbertragung vermittelt werde. Bei der Aus\u00fcbung der Dienstherrenbefugnisse seien die Religionsgesellschaften deshalb grunds\u00e4tzlich an die Grundrechte als &#8222;f\u00fcr alle geltende Gesetze&#8220; gebunden. Der Wechselwirkung zwischen kirchlicher Autonomie einerseits und Gesetzesbindung andererseits sei durch eine G\u00fcterabw\u00e4gung unter Ber\u00fccksichtigung des Selbstverst\u00e4ndnisses der Kirche und der besonderen Schutzw\u00fcrdigkeit der \u00c4mterverleihung in Religionsgesellschaften Rechnung zu tragen.<\/p>\n<p>Davon ausgehend sei die Klage zum Teil begr\u00fcndet. Der Kl\u00e4ger habe zwar keinen Anspruch auf die von ihm begehrte Feststellung, dass er in einem Kirchenbeamtenverh\u00e4ltnis auf Lebenszeit zu der Beklagten stehe. Er k\u00f6nne die Neubegr\u00fcndung eines solchen auch nicht strikt verlangen. Die Beklagte habe dieses Begehren aber nicht ablehnen d\u00fcrfen, ohne ihm zumindest ein angemessenes \u00dcbergangsgeld zu gew\u00e4hren, das \u00fcber bereits gezahlte 5,5 Monatsgeh\u00e4lter hinausgehe. Die im Grundgesetz garantierte Berufsfreiheit umfasse einen sozialen Mindestschutz, soweit es um den Bestand von Besch\u00e4ftigungsverh\u00e4ltnissen gehe. Dieser sei bei \u00f6ffentlich-rechtlichen Dienstverh\u00e4ltnissen von Religionsgesellschaften regelm\u00e4\u00dfig unterschritten, wenn der gew\u00e4hrte Bestandsschutz \u2013 wie im Falle des Kl\u00e4gers \u2013 deutlich von den Grunds\u00e4tzen des staatlichen Beamtenrechts und den allgemeinen Regelungen des Arbeitsrechts abweiche und die Religionsgesellschaft dies auch nicht in anderer Weise angemessen sozial abfedere. Religi\u00f6se Gr\u00fcnde, die eine Abweichung vom sozialen Mindestschutz nach staatlichem Recht rechtfertigen k\u00f6nnten, l\u00e4gen hier nicht vor.<\/p>\n<p>Der Senat hat wegen der grunds\u00e4tzlichen Bedeutung die Revision zum Bundesverwaltungsgericht zugelassen.<\/p>\n<p>Aktenzeichen: <a href=\"https:\/\/dejure.org\/dienste\/vernetzung\/rechtsprechung?Text=5%20A%201941\/10\" title=\"OVG Nordrhein-Westfalen, 18.09.2012 - 5 A 1941\/10: Rechtsschutz f&uuml;r fr&uuml;heren Pastor gegen seine...\">5 A 1941\/10<\/a><\/p>\n","protected":false},"excerpt":{"rendered":"<p>Durch Urteil vom heutigen Tag hat der 5. Senat des Oberverwaltungsgerichts NRW der Klage eines fr\u00fcheren evangelischen Pastors im Sonderdienst gegen die Beendigung seines Kirchenbeamtenverh\u00e4ltnisses auf Zeit bei der Evangelischen Kirche im Rheinland teilweise stattgegeben. Nach Studium, Vikariat und Hilfsdienstzeit hatte der Kl\u00e4ger bei der Beklagten als ordinierter Theologe keine Pfarrstelle gefunden. Die Beklagte hatte<\/p>\n","protected":false},"author":1,"featured_media":140,"comment_status":"closed","ping_status":"open","sticky":false,"template":"","format":"standard","meta":{"footnotes":""},"categories":[6,7],"tags":[8],"class_list":["post-170","post","type-post","status-publish","format-standard","has-post-thumbnail","hentry","category-kirchenbeamtenrecht","category-pfarrdienstrecht","tag-pressemitteilung"],"yoast_head":"<!-- This site is optimized with the Yoast SEO plugin v26.6 - https:\/\/yoast.com\/wordpress\/plugins\/seo\/ -->\n<title>Rechtsschutz f\u00fcr fr\u00fcheren Pastor gegen seine Landeskirche, Pressemitteilung des Oberverwaltungsgerichts NRW vom 18.09.2012, Az. 5 A 1941\/10 &#187; Online-Kommentar Kirchenrecht<\/title>\n<meta name=\"robots\" content=\"index, follow, max-snippet:-1, max-image-preview:large, max-video-preview:-1\" \/>\n<link rel=\"canonical\" href=\"https:\/\/www.ok-kirchenrecht.de\/rechtsschutz-fuer-frueheren-pastor-gegen-seine-landeskirche-pressemitteilung-des-oberverwaltungsgerichts-nrw-vom-18-09-2012-az-5-a-194110\/\" \/>\n<meta property=\"og:locale\" content=\"de_DE\" \/>\n<meta property=\"og:type\" content=\"article\" \/>\n<meta property=\"og:title\" content=\"Rechtsschutz f\u00fcr fr\u00fcheren Pastor gegen seine Landeskirche, Pressemitteilung des Oberverwaltungsgerichts NRW vom 18.09.2012, Az. 5 A 1941\/10 &#187; Online-Kommentar Kirchenrecht\" \/>\n<meta property=\"og:description\" content=\"Durch Urteil vom heutigen Tag hat der 5. Senat des Oberverwaltungsgerichts NRW der Klage eines fr\u00fcheren evangelischen Pastors im Sonderdienst gegen die Beendigung seines Kirchenbeamtenverh\u00e4ltnisses auf Zeit bei der Evangelischen Kirche im Rheinland teilweise stattgegeben. Nach Studium, Vikariat und Hilfsdienstzeit hatte der Kl\u00e4ger bei der Beklagten als ordinierter Theologe keine Pfarrstelle gefunden. Die Beklagte hatte\" \/>\n<meta property=\"og:url\" content=\"https:\/\/www.ok-kirchenrecht.de\/rechtsschutz-fuer-frueheren-pastor-gegen-seine-landeskirche-pressemitteilung-des-oberverwaltungsgerichts-nrw-vom-18-09-2012-az-5-a-194110\/\" \/>\n<meta property=\"og:site_name\" content=\"Online-Kommentar Kirchenrecht\" \/>\n<meta property=\"article:publisher\" content=\"https:\/\/www.facebook.com\/hotstegs.recht\" \/>\n<meta property=\"article:published_time\" content=\"2012-09-18T11:31:36+00:00\" \/>\n<meta property=\"article:modified_time\" content=\"2015-10-07T09:02:25+00:00\" \/>\n<meta property=\"og:image\" content=\"https:\/\/www.ok-kirchenrecht.de\/wp-content\/uploads\/bibliothek_ovg_nrw-e1542757244404.jpg\" \/>\n\t<meta property=\"og:image:width\" content=\"200\" \/>\n\t<meta property=\"og:image:height\" content=\"62\" \/>\n\t<meta property=\"og:image:type\" content=\"image\/jpeg\" \/>\n<meta name=\"author\" content=\"Rechtsanwalt Robert Hotstegs\" \/>\n<meta name=\"twitter:card\" content=\"summary_large_image\" \/>\n<meta name=\"twitter:creator\" content=\"@hotstegs_recht\" \/>\n<meta name=\"twitter:site\" content=\"@hotstegs_recht\" \/>\n<meta name=\"twitter:label1\" content=\"Verfasst von\" \/>\n\t<meta name=\"twitter:data1\" content=\"Rechtsanwalt Robert Hotstegs\" \/>\n\t<meta name=\"twitter:label2\" content=\"Gesch\u00e4tzte Lesezeit\" \/>\n\t<meta name=\"twitter:data2\" content=\"2\u00a0Minuten\" \/>\n<script type=\"application\/ld+json\" class=\"yoast-schema-graph\">{\"@context\":\"https:\/\/schema.org\",\"@graph\":[{\"@type\":\"Article\",\"@id\":\"https:\/\/www.ok-kirchenrecht.de\/rechtsschutz-fuer-frueheren-pastor-gegen-seine-landeskirche-pressemitteilung-des-oberverwaltungsgerichts-nrw-vom-18-09-2012-az-5-a-194110\/#article\",\"isPartOf\":{\"@id\":\"https:\/\/www.ok-kirchenrecht.de\/rechtsschutz-fuer-frueheren-pastor-gegen-seine-landeskirche-pressemitteilung-des-oberverwaltungsgerichts-nrw-vom-18-09-2012-az-5-a-194110\/\"},\"author\":{\"name\":\"Rechtsanwalt Robert Hotstegs\",\"@id\":\"https:\/\/www.ok-kirchenrecht.de\/#\/schema\/person\/862d15b1c5afa755c0992e7c63635296\"},\"headline\":\"Rechtsschutz f\u00fcr fr\u00fcheren Pastor gegen seine Landeskirche, Pressemitteilung des Oberverwaltungsgerichts NRW vom 18.09.2012, Az. 5 A 1941\/10\",\"datePublished\":\"2012-09-18T11:31:36+00:00\",\"dateModified\":\"2015-10-07T09:02:25+00:00\",\"mainEntityOfPage\":{\"@id\":\"https:\/\/www.ok-kirchenrecht.de\/rechtsschutz-fuer-frueheren-pastor-gegen-seine-landeskirche-pressemitteilung-des-oberverwaltungsgerichts-nrw-vom-18-09-2012-az-5-a-194110\/\"},\"wordCount\":485,\"publisher\":{\"@id\":\"https:\/\/www.ok-kirchenrecht.de\/#organization\"},\"image\":{\"@id\":\"https:\/\/www.ok-kirchenrecht.de\/rechtsschutz-fuer-frueheren-pastor-gegen-seine-landeskirche-pressemitteilung-des-oberverwaltungsgerichts-nrw-vom-18-09-2012-az-5-a-194110\/#primaryimage\"},\"thumbnailUrl\":\"https:\/\/www.ok-kirchenrecht.de\/wp-content\/uploads\/bibliothek_ovg_nrw-e1542757244404.jpg\",\"keywords\":[\"Pressemitteilung\"],\"articleSection\":[\"Kirchenbeamtenrecht (KBG.EKD)\",\"Pfarrdienstrecht (PfDG.EKD)\"],\"inLanguage\":\"de\"},{\"@type\":\"WebPage\",\"@id\":\"https:\/\/www.ok-kirchenrecht.de\/rechtsschutz-fuer-frueheren-pastor-gegen-seine-landeskirche-pressemitteilung-des-oberverwaltungsgerichts-nrw-vom-18-09-2012-az-5-a-194110\/\",\"url\":\"https:\/\/www.ok-kirchenrecht.de\/rechtsschutz-fuer-frueheren-pastor-gegen-seine-landeskirche-pressemitteilung-des-oberverwaltungsgerichts-nrw-vom-18-09-2012-az-5-a-194110\/\",\"name\":\"Rechtsschutz f\u00fcr fr\u00fcheren Pastor gegen seine Landeskirche, Pressemitteilung des Oberverwaltungsgerichts NRW vom 18.09.2012, Az. 5 A 1941\/10 &#187; Online-Kommentar Kirchenrecht\",\"isPartOf\":{\"@id\":\"https:\/\/www.ok-kirchenrecht.de\/#website\"},\"primaryImageOfPage\":{\"@id\":\"https:\/\/www.ok-kirchenrecht.de\/rechtsschutz-fuer-frueheren-pastor-gegen-seine-landeskirche-pressemitteilung-des-oberverwaltungsgerichts-nrw-vom-18-09-2012-az-5-a-194110\/#primaryimage\"},\"image\":{\"@id\":\"https:\/\/www.ok-kirchenrecht.de\/rechtsschutz-fuer-frueheren-pastor-gegen-seine-landeskirche-pressemitteilung-des-oberverwaltungsgerichts-nrw-vom-18-09-2012-az-5-a-194110\/#primaryimage\"},\"thumbnailUrl\":\"https:\/\/www.ok-kirchenrecht.de\/wp-content\/uploads\/bibliothek_ovg_nrw-e1542757244404.jpg\",\"datePublished\":\"2012-09-18T11:31:36+00:00\",\"dateModified\":\"2015-10-07T09:02:25+00:00\",\"breadcrumb\":{\"@id\":\"https:\/\/www.ok-kirchenrecht.de\/rechtsschutz-fuer-frueheren-pastor-gegen-seine-landeskirche-pressemitteilung-des-oberverwaltungsgerichts-nrw-vom-18-09-2012-az-5-a-194110\/#breadcrumb\"},\"inLanguage\":\"de\",\"potentialAction\":[{\"@type\":\"ReadAction\",\"target\":[\"https:\/\/www.ok-kirchenrecht.de\/rechtsschutz-fuer-frueheren-pastor-gegen-seine-landeskirche-pressemitteilung-des-oberverwaltungsgerichts-nrw-vom-18-09-2012-az-5-a-194110\/\"]}]},{\"@type\":\"ImageObject\",\"inLanguage\":\"de\",\"@id\":\"https:\/\/www.ok-kirchenrecht.de\/rechtsschutz-fuer-frueheren-pastor-gegen-seine-landeskirche-pressemitteilung-des-oberverwaltungsgerichts-nrw-vom-18-09-2012-az-5-a-194110\/#primaryimage\",\"url\":\"https:\/\/www.ok-kirchenrecht.de\/wp-content\/uploads\/bibliothek_ovg_nrw-e1542757244404.jpg\",\"contentUrl\":\"https:\/\/www.ok-kirchenrecht.de\/wp-content\/uploads\/bibliothek_ovg_nrw-e1542757244404.jpg\",\"width\":200,\"height\":62,\"caption\":\"Bibliothek (Symbolbild)\"},{\"@type\":\"BreadcrumbList\",\"@id\":\"https:\/\/www.ok-kirchenrecht.de\/rechtsschutz-fuer-frueheren-pastor-gegen-seine-landeskirche-pressemitteilung-des-oberverwaltungsgerichts-nrw-vom-18-09-2012-az-5-a-194110\/#breadcrumb\",\"itemListElement\":[{\"@type\":\"ListItem\",\"position\":1,\"name\":\"Startseite\",\"item\":\"https:\/\/www.ok-kirchenrecht.de\/\"},{\"@type\":\"ListItem\",\"position\":2,\"name\":\"Rechtsschutz f\u00fcr fr\u00fcheren Pastor gegen seine Landeskirche, Pressemitteilung des Oberverwaltungsgerichts NRW vom 18.09.2012, Az. 5 A 1941\/10\"}]},{\"@type\":\"WebSite\",\"@id\":\"https:\/\/www.ok-kirchenrecht.de\/#website\",\"url\":\"https:\/\/www.ok-kirchenrecht.de\/\",\"name\":\"Online-Kommentar Kirchenrecht\",\"description\":\"\",\"publisher\":{\"@id\":\"https:\/\/www.ok-kirchenrecht.de\/#organization\"},\"potentialAction\":[{\"@type\":\"SearchAction\",\"target\":{\"@type\":\"EntryPoint\",\"urlTemplate\":\"https:\/\/www.ok-kirchenrecht.de\/?s={search_term_string}\"},\"query-input\":{\"@type\":\"PropertyValueSpecification\",\"valueRequired\":true,\"valueName\":\"search_term_string\"}}],\"inLanguage\":\"de\"},{\"@type\":\"Organization\",\"@id\":\"https:\/\/www.ok-kirchenrecht.de\/#organization\",\"name\":\"Hotstegs Rechtsanwaltsgesellschaft\",\"url\":\"https:\/\/www.ok-kirchenrecht.de\/\",\"logo\":{\"@type\":\"ImageObject\",\"inLanguage\":\"de\",\"@id\":\"https:\/\/www.ok-kirchenrecht.de\/#\/schema\/logo\/image\/\",\"url\":\"http:\/\/www.ok-kirchenrecht.de\/wp-content\/uploads\/logo2013.jpg\",\"contentUrl\":\"http:\/\/www.ok-kirchenrecht.de\/wp-content\/uploads\/logo2013.jpg\",\"width\":914,\"height\":275,\"caption\":\"Hotstegs Rechtsanwaltsgesellschaft\"},\"image\":{\"@id\":\"https:\/\/www.ok-kirchenrecht.de\/#\/schema\/logo\/image\/\"},\"sameAs\":[\"https:\/\/www.facebook.com\/hotstegs.recht\",\"https:\/\/x.com\/hotstegs_recht\",\"https:\/\/www.instagram.com\/hotstegs.recht\",\"https:\/\/de.linkedin.com\/company\/hotstegs-recht\"]},{\"@type\":\"Person\",\"@id\":\"https:\/\/www.ok-kirchenrecht.de\/#\/schema\/person\/862d15b1c5afa755c0992e7c63635296\",\"name\":\"Rechtsanwalt Robert Hotstegs\",\"image\":{\"@type\":\"ImageObject\",\"inLanguage\":\"de\",\"@id\":\"https:\/\/www.ok-kirchenrecht.de\/#\/schema\/person\/image\/\",\"url\":\"https:\/\/secure.gravatar.com\/avatar\/7d923d735cd88c8f3b65c6506ab775c5eb23a82716d81ce74eb3951cb8430f5a?s=96&d=mm&r=g\",\"contentUrl\":\"https:\/\/secure.gravatar.com\/avatar\/7d923d735cd88c8f3b65c6506ab775c5eb23a82716d81ce74eb3951cb8430f5a?s=96&d=mm&r=g\",\"caption\":\"Rechtsanwalt Robert Hotstegs\"},\"description\":\"Rechtsanwalt Robert Hotstegs ist Mitglied der Ev. Kirche. Er ist Mediator und Fachanwalt f\u00fcr Verwaltungsrecht, u.a. auf das kirchliche Disziplinar- und Dienstrecht spezialisiert. Von 2009 bis 2021 war er stellvertretendes Mitglied der Synode der Ev. Kirche in Deutschland.\",\"sameAs\":[\"https:\/\/www.hotstegs-recht.de\"]}]}<\/script>\n<!-- \/ Yoast SEO plugin. -->","yoast_head_json":{"title":"Rechtsschutz f\u00fcr fr\u00fcheren Pastor gegen seine Landeskirche, Pressemitteilung des Oberverwaltungsgerichts NRW vom 18.09.2012, Az. 5 A 1941\/10 &#187; Online-Kommentar Kirchenrecht","robots":{"index":"index","follow":"follow","max-snippet":"max-snippet:-1","max-image-preview":"max-image-preview:large","max-video-preview":"max-video-preview:-1"},"canonical":"https:\/\/www.ok-kirchenrecht.de\/rechtsschutz-fuer-frueheren-pastor-gegen-seine-landeskirche-pressemitteilung-des-oberverwaltungsgerichts-nrw-vom-18-09-2012-az-5-a-194110\/","og_locale":"de_DE","og_type":"article","og_title":"Rechtsschutz f\u00fcr fr\u00fcheren Pastor gegen seine Landeskirche, Pressemitteilung des Oberverwaltungsgerichts NRW vom 18.09.2012, Az. 5 A 1941\/10 &#187; Online-Kommentar Kirchenrecht","og_description":"Durch Urteil vom heutigen Tag hat der 5. Senat des Oberverwaltungsgerichts NRW der Klage eines fr\u00fcheren evangelischen Pastors im Sonderdienst gegen die Beendigung seines Kirchenbeamtenverh\u00e4ltnisses auf Zeit bei der Evangelischen Kirche im Rheinland teilweise stattgegeben. Nach Studium, Vikariat und Hilfsdienstzeit hatte der Kl\u00e4ger bei der Beklagten als ordinierter Theologe keine Pfarrstelle gefunden. Die Beklagte hatte","og_url":"https:\/\/www.ok-kirchenrecht.de\/rechtsschutz-fuer-frueheren-pastor-gegen-seine-landeskirche-pressemitteilung-des-oberverwaltungsgerichts-nrw-vom-18-09-2012-az-5-a-194110\/","og_site_name":"Online-Kommentar Kirchenrecht","article_publisher":"https:\/\/www.facebook.com\/hotstegs.recht","article_published_time":"2012-09-18T11:31:36+00:00","article_modified_time":"2015-10-07T09:02:25+00:00","og_image":[{"width":200,"height":62,"url":"https:\/\/www.ok-kirchenrecht.de\/wp-content\/uploads\/bibliothek_ovg_nrw-e1542757244404.jpg","type":"image\/jpeg"}],"author":"Rechtsanwalt Robert Hotstegs","twitter_card":"summary_large_image","twitter_creator":"@hotstegs_recht","twitter_site":"@hotstegs_recht","twitter_misc":{"Verfasst von":"Rechtsanwalt Robert Hotstegs","Gesch\u00e4tzte Lesezeit":"2\u00a0Minuten"},"schema":{"@context":"https:\/\/schema.org","@graph":[{"@type":"Article","@id":"https:\/\/www.ok-kirchenrecht.de\/rechtsschutz-fuer-frueheren-pastor-gegen-seine-landeskirche-pressemitteilung-des-oberverwaltungsgerichts-nrw-vom-18-09-2012-az-5-a-194110\/#article","isPartOf":{"@id":"https:\/\/www.ok-kirchenrecht.de\/rechtsschutz-fuer-frueheren-pastor-gegen-seine-landeskirche-pressemitteilung-des-oberverwaltungsgerichts-nrw-vom-18-09-2012-az-5-a-194110\/"},"author":{"name":"Rechtsanwalt Robert Hotstegs","@id":"https:\/\/www.ok-kirchenrecht.de\/#\/schema\/person\/862d15b1c5afa755c0992e7c63635296"},"headline":"Rechtsschutz f\u00fcr fr\u00fcheren Pastor gegen seine Landeskirche, Pressemitteilung des Oberverwaltungsgerichts NRW vom 18.09.2012, Az. 5 A 1941\/10","datePublished":"2012-09-18T11:31:36+00:00","dateModified":"2015-10-07T09:02:25+00:00","mainEntityOfPage":{"@id":"https:\/\/www.ok-kirchenrecht.de\/rechtsschutz-fuer-frueheren-pastor-gegen-seine-landeskirche-pressemitteilung-des-oberverwaltungsgerichts-nrw-vom-18-09-2012-az-5-a-194110\/"},"wordCount":485,"publisher":{"@id":"https:\/\/www.ok-kirchenrecht.de\/#organization"},"image":{"@id":"https:\/\/www.ok-kirchenrecht.de\/rechtsschutz-fuer-frueheren-pastor-gegen-seine-landeskirche-pressemitteilung-des-oberverwaltungsgerichts-nrw-vom-18-09-2012-az-5-a-194110\/#primaryimage"},"thumbnailUrl":"https:\/\/www.ok-kirchenrecht.de\/wp-content\/uploads\/bibliothek_ovg_nrw-e1542757244404.jpg","keywords":["Pressemitteilung"],"articleSection":["Kirchenbeamtenrecht (KBG.EKD)","Pfarrdienstrecht (PfDG.EKD)"],"inLanguage":"de"},{"@type":"WebPage","@id":"https:\/\/www.ok-kirchenrecht.de\/rechtsschutz-fuer-frueheren-pastor-gegen-seine-landeskirche-pressemitteilung-des-oberverwaltungsgerichts-nrw-vom-18-09-2012-az-5-a-194110\/","url":"https:\/\/www.ok-kirchenrecht.de\/rechtsschutz-fuer-frueheren-pastor-gegen-seine-landeskirche-pressemitteilung-des-oberverwaltungsgerichts-nrw-vom-18-09-2012-az-5-a-194110\/","name":"Rechtsschutz f\u00fcr fr\u00fcheren Pastor gegen seine Landeskirche, Pressemitteilung des Oberverwaltungsgerichts NRW vom 18.09.2012, Az. 5 A 1941\/10 &#187; Online-Kommentar Kirchenrecht","isPartOf":{"@id":"https:\/\/www.ok-kirchenrecht.de\/#website"},"primaryImageOfPage":{"@id":"https:\/\/www.ok-kirchenrecht.de\/rechtsschutz-fuer-frueheren-pastor-gegen-seine-landeskirche-pressemitteilung-des-oberverwaltungsgerichts-nrw-vom-18-09-2012-az-5-a-194110\/#primaryimage"},"image":{"@id":"https:\/\/www.ok-kirchenrecht.de\/rechtsschutz-fuer-frueheren-pastor-gegen-seine-landeskirche-pressemitteilung-des-oberverwaltungsgerichts-nrw-vom-18-09-2012-az-5-a-194110\/#primaryimage"},"thumbnailUrl":"https:\/\/www.ok-kirchenrecht.de\/wp-content\/uploads\/bibliothek_ovg_nrw-e1542757244404.jpg","datePublished":"2012-09-18T11:31:36+00:00","dateModified":"2015-10-07T09:02:25+00:00","breadcrumb":{"@id":"https:\/\/www.ok-kirchenrecht.de\/rechtsschutz-fuer-frueheren-pastor-gegen-seine-landeskirche-pressemitteilung-des-oberverwaltungsgerichts-nrw-vom-18-09-2012-az-5-a-194110\/#breadcrumb"},"inLanguage":"de","potentialAction":[{"@type":"ReadAction","target":["https:\/\/www.ok-kirchenrecht.de\/rechtsschutz-fuer-frueheren-pastor-gegen-seine-landeskirche-pressemitteilung-des-oberverwaltungsgerichts-nrw-vom-18-09-2012-az-5-a-194110\/"]}]},{"@type":"ImageObject","inLanguage":"de","@id":"https:\/\/www.ok-kirchenrecht.de\/rechtsschutz-fuer-frueheren-pastor-gegen-seine-landeskirche-pressemitteilung-des-oberverwaltungsgerichts-nrw-vom-18-09-2012-az-5-a-194110\/#primaryimage","url":"https:\/\/www.ok-kirchenrecht.de\/wp-content\/uploads\/bibliothek_ovg_nrw-e1542757244404.jpg","contentUrl":"https:\/\/www.ok-kirchenrecht.de\/wp-content\/uploads\/bibliothek_ovg_nrw-e1542757244404.jpg","width":200,"height":62,"caption":"Bibliothek (Symbolbild)"},{"@type":"BreadcrumbList","@id":"https:\/\/www.ok-kirchenrecht.de\/rechtsschutz-fuer-frueheren-pastor-gegen-seine-landeskirche-pressemitteilung-des-oberverwaltungsgerichts-nrw-vom-18-09-2012-az-5-a-194110\/#breadcrumb","itemListElement":[{"@type":"ListItem","position":1,"name":"Startseite","item":"https:\/\/www.ok-kirchenrecht.de\/"},{"@type":"ListItem","position":2,"name":"Rechtsschutz f\u00fcr fr\u00fcheren Pastor gegen seine Landeskirche, Pressemitteilung des Oberverwaltungsgerichts NRW vom 18.09.2012, Az. 5 A 1941\/10"}]},{"@type":"WebSite","@id":"https:\/\/www.ok-kirchenrecht.de\/#website","url":"https:\/\/www.ok-kirchenrecht.de\/","name":"Online-Kommentar Kirchenrecht","description":"","publisher":{"@id":"https:\/\/www.ok-kirchenrecht.de\/#organization"},"potentialAction":[{"@type":"SearchAction","target":{"@type":"EntryPoint","urlTemplate":"https:\/\/www.ok-kirchenrecht.de\/?s={search_term_string}"},"query-input":{"@type":"PropertyValueSpecification","valueRequired":true,"valueName":"search_term_string"}}],"inLanguage":"de"},{"@type":"Organization","@id":"https:\/\/www.ok-kirchenrecht.de\/#organization","name":"Hotstegs Rechtsanwaltsgesellschaft","url":"https:\/\/www.ok-kirchenrecht.de\/","logo":{"@type":"ImageObject","inLanguage":"de","@id":"https:\/\/www.ok-kirchenrecht.de\/#\/schema\/logo\/image\/","url":"http:\/\/www.ok-kirchenrecht.de\/wp-content\/uploads\/logo2013.jpg","contentUrl":"http:\/\/www.ok-kirchenrecht.de\/wp-content\/uploads\/logo2013.jpg","width":914,"height":275,"caption":"Hotstegs Rechtsanwaltsgesellschaft"},"image":{"@id":"https:\/\/www.ok-kirchenrecht.de\/#\/schema\/logo\/image\/"},"sameAs":["https:\/\/www.facebook.com\/hotstegs.recht","https:\/\/x.com\/hotstegs_recht","https:\/\/www.instagram.com\/hotstegs.recht","https:\/\/de.linkedin.com\/company\/hotstegs-recht"]},{"@type":"Person","@id":"https:\/\/www.ok-kirchenrecht.de\/#\/schema\/person\/862d15b1c5afa755c0992e7c63635296","name":"Rechtsanwalt Robert Hotstegs","image":{"@type":"ImageObject","inLanguage":"de","@id":"https:\/\/www.ok-kirchenrecht.de\/#\/schema\/person\/image\/","url":"https:\/\/secure.gravatar.com\/avatar\/7d923d735cd88c8f3b65c6506ab775c5eb23a82716d81ce74eb3951cb8430f5a?s=96&d=mm&r=g","contentUrl":"https:\/\/secure.gravatar.com\/avatar\/7d923d735cd88c8f3b65c6506ab775c5eb23a82716d81ce74eb3951cb8430f5a?s=96&d=mm&r=g","caption":"Rechtsanwalt Robert Hotstegs"},"description":"Rechtsanwalt Robert Hotstegs ist Mitglied der Ev. Kirche. Er ist Mediator und Fachanwalt f\u00fcr Verwaltungsrecht, u.a. auf das kirchliche Disziplinar- und Dienstrecht spezialisiert. Von 2009 bis 2021 war er stellvertretendes Mitglied der Synode der Ev. Kirche in Deutschland.","sameAs":["https:\/\/www.hotstegs-recht.de"]}]}},"_links":{"self":[{"href":"https:\/\/www.ok-kirchenrecht.de\/wp-json\/wp\/v2\/posts\/170","targetHints":{"allow":["GET"]}}],"collection":[{"href":"https:\/\/www.ok-kirchenrecht.de\/wp-json\/wp\/v2\/posts"}],"about":[{"href":"https:\/\/www.ok-kirchenrecht.de\/wp-json\/wp\/v2\/types\/post"}],"author":[{"embeddable":true,"href":"https:\/\/www.ok-kirchenrecht.de\/wp-json\/wp\/v2\/users\/1"}],"replies":[{"embeddable":true,"href":"https:\/\/www.ok-kirchenrecht.de\/wp-json\/wp\/v2\/comments?post=170"}],"version-history":[{"count":2,"href":"https:\/\/www.ok-kirchenrecht.de\/wp-json\/wp\/v2\/posts\/170\/revisions"}],"predecessor-version":[{"id":181,"href":"https:\/\/www.ok-kirchenrecht.de\/wp-json\/wp\/v2\/posts\/170\/revisions\/181"}],"wp:featuredmedia":[{"embeddable":true,"href":"https:\/\/www.ok-kirchenrecht.de\/wp-json\/wp\/v2\/media\/140"}],"wp:attachment":[{"href":"https:\/\/www.ok-kirchenrecht.de\/wp-json\/wp\/v2\/media?parent=170"}],"wp:term":[{"taxonomy":"category","embeddable":true,"href":"https:\/\/www.ok-kirchenrecht.de\/wp-json\/wp\/v2\/categories?post=170"},{"taxonomy":"post_tag","embeddable":true,"href":"https:\/\/www.ok-kirchenrecht.de\/wp-json\/wp\/v2\/tags?post=170"}],"curies":[{"name":"wp","href":"https:\/\/api.w.org\/{rel}","templated":true}]}}